{"id":83534,"date":"2022-08-10T14:27:28","date_gmt":"2022-08-10T19:27:28","guid":{"rendered":"https:\/\/www.medellin.gov.co\/es\/?p=83534"},"modified":"2022-08-10T14:27:28","modified_gmt":"2022-08-10T19:27:28","slug":"la-feria-de-las-flores-se-vive-en-el-metaverso-de-medellin-fun-city","status":"publish","type":"post","link":"https:\/\/www.medellin.gov.co\/es\/sala-de-prensa\/noticias\/la-feria-de-las-flores-se-vive-en-el-metaverso-de-medellin-fun-city\/","title":{"rendered":"La Feria de las Flores se vive en el metaverso de Medell\u00edn Fun City"},"content":{"rendered":"<ul>\n<li>Est\u00e1 disponible en el portal oficial <a href=\"https:\/\/feriadelasfloresmedellin.gov.co\/\">https:\/\/feriadelasfloresmedellin.gov.co\/<\/a>.<\/li>\n<li>En \u00e9l, los usuarios pueden chatear entre s\u00ed, disfrutar del Desfile de Silleteros, entre otras actividades que incluyen conciertos.<\/li>\n<li>La Alcald\u00eda de Medell\u00edn tendr\u00e1 puntos experienciales en los eventos presenciales de la feria para conocer el metaverso<\/li>\n<\/ul>\n<!--[if lt IE 9]><script>document.createElement('audio');<\/script><![endif]-->\n\t<div class=\"wp-playlist wp-audio-playlist wp-playlist-light\">\n\t\t\t<div class=\"wp-playlist-current-item\"><\/div>\n\t\t<audio controls=\"controls\" preload=\"none\" width=\"640\"\n\t\t\t><\/audio>\n\t<div class=\"wp-playlist-next\"><\/div>\n\t<div class=\"wp-playlist-prev\"><\/div>\n\t<noscript>\n\t<ol>\n\t\t<li><a href='https:\/\/www.medellin.gov.co\/es\/wp-content\/uploads\/2022\/08\/Metaverso-Medellin-01.mp3'>Palabras de Juan Jos\u00e9 Aux, secretario de Comunicaciones<\/a><\/li>\t<\/ol>\n\t<\/noscript>\n\t<script type=\"application\/json\" class=\"wp-playlist-script\">{\"type\":\"audio\",\"tracklist\":true,\"tracknumbers\":true,\"images\":true,\"artists\":true,\"tracks\":[{\"src\":\"https:\\\/\\\/www.medellin.gov.co\\\/es\\\/wp-content\\\/uploads\\\/2022\\\/08\\\/Metaverso-Medellin-01.mp3\",\"type\":\"audio\\\/mpeg\",\"title\":\"Palabras de Juan Jos\\u00e9 Aux, secretario de Comunicaciones\",\"caption\":\"\",\"description\":\"\\u00abPalabras de Juan Jos\\u00e9 Aux, secretario de Comunicaciones\\u00bb.\",\"meta\":{\"year\":\"2022\",\"length_formatted\":\"0:48\"},\"image\":{\"src\":\"https:\\\/\\\/www.medellin.gov.co\\\/es\\\/wp-includes\\\/images\\\/media\\\/audio.png\",\"width\":48,\"height\":64},\"thumb\":{\"src\":\"https:\\\/\\\/www.medellin.gov.co\\\/es\\\/wp-includes\\\/images\\\/media\\\/audio.png\",\"width\":48,\"height\":64}}]}<\/script>\n<\/div>\n\t\n<p>A partir de ahora todos los habitantes de Medell\u00edn y el resto del mundo disfrutar\u00e1n de diversos eventos a trav\u00e9s del metaverso de Medell\u00edn Fun City. Este es un espacio desarrollado por la empresa colombiana Sparklife en alianza con la Administraci\u00f3n Distrital para la Feria de las Flores y que seguir\u00e1 funcionando luego de ella.<\/p>\n<p>Para ingresar al metaverso, se deber\u00e1 acceder al portal oficial <a href=\"https:\/\/feriadelasfloresmedellin.gov.co\/\">https:\/\/feriadelasfloresmedellin.gov.co\/<\/a> desde un dispositivo m\u00f3vil o computador conectado a internet. All\u00ed aparecer\u00e1 un banner que identifica el metaverso Medell\u00edn Fun City. Al hacer clic sobre \u00e9ste se desplegar\u00e1 una p\u00e1gina para que las personas editen su personaje, g\u00e9nero, nombre, rasgos f\u00edsicos, entre otros aspectos.<\/p>\n<p>\u201c<em>Desde hoy tenemos una realidad virtual en Medell\u00edn. Somos los primeros en Latinoam\u00e9rica en tener un metaverso y podemos conectarnos desde cualquier celular o computador. Todos est\u00e1n invitados a disfrutar la Feria de las Flores desde el metaverso, podr\u00e1n ingresar todos y no es necesario contar con equipos de alta tecnolog\u00eda, aunque s\u00ed los tienen tambi\u00e9n pueden usarlos<\/em>\u201d, dijo el secretario de Comunicaciones, Juan Jos\u00e9 Aux.<\/p>\n<p>Una vez finalizada la personificaci\u00f3n, el usuario empezar\u00e1 a navegar. Para hacerlo desde un computador de escritorio o port\u00e1til, debe desplazarse con su avatar con las teclas W (al frente), A (a la izquierda), S (atr\u00e1s), D (a la derecha), saltar con la barra espaciadora y rotar la visi\u00f3n del avatar con el mouse del dispositivo.<\/p>\n<div id=\"attachment_81809\" style=\"width: 1034px\" class=\"wp-caption alignnone\"><a href=\"https:\/\/www.medellin.gov.co\/es\/wp-content\/uploads\/2022\/08\/Feria-de-Flores-Metaverso-1.jpg\" target=\"_blank\" rel=\"noopener\"><img aria-describedby=\"caption-attachment-81809\" loading=\"lazy\" class=\"wp-image-81809 size-full\" title=\"La Feria de las Flores en el metaverso\" src=\"https:\/\/www.medellin.gov.co\/es\/wp-content\/uploads\/2022\/08\/Feria-de-Flores-Metaverso-1.jpg\" alt=\"La Feria de las Flores en el metaverso\" width=\"1024\" height=\"695\" srcset=\"https:\/\/www.medellin.gov.co\/es\/wp-content\/uploads\/2022\/08\/Feria-de-Flores-Metaverso-1.jpg 1024w, https:\/\/www.medellin.gov.co\/es\/wp-content\/uploads\/2022\/08\/Feria-de-Flores-Metaverso-1-300x204.jpg 300w, https:\/\/www.medellin.gov.co\/es\/wp-content\/uploads\/2022\/08\/Feria-de-Flores-Metaverso-1-150x102.jpg 150w, https:\/\/www.medellin.gov.co\/es\/wp-content\/uploads\/2022\/08\/Feria-de-Flores-Metaverso-1-768x521.jpg 768w\" sizes=\"(max-width: 1024px) 100vw, 1024px\" \/><\/a><p id=\"caption-attachment-81809\" class=\"wp-caption-text\">La Feria de las Flores en el metaverso &#8211; Foto Alcald\u00eda de Medell\u00edn<\/p><\/div>\n<p>Desde un dispositivo m\u00f3vil es posible desplazarse con el avatar mediante el control virtual que aparece al lado izquierdo de la pantalla y rotar la visi\u00f3n con el comando que aparece al lado derecho. Adem\u00e1s, para saltar se debe tocar la pantalla del dispositivo. Se recomienda usar el celular en posici\u00f3n horizontal para mejorar la experiencia.<\/p>\n<p>Dentro del metaverso, los usuarios chatear\u00e1n entre s\u00ed, disfrutar\u00e1n de eventos como el Desfile de Silleteros, comprar\u00e1n un lote, construir\u00e1n su casa, oficina o local, ganar\u00e1n su valorizaci\u00f3n, compartir\u00e1n espacios de amistad, trabajo o diversi\u00f3n, realizar\u00e1n eventos, y comercializar\u00e1n productos y servicios con la criptomoneda de Sparklife.<\/p>\n<p>La Alcald\u00eda de Medell\u00edn tendr\u00e1 puntos experienciales en los eventos de la Feria para que todos los interesados conozcan el metaverso. En el Escenario Conexi\u00f3n (Parque de los Deseos) estar\u00e1 los d\u00edas 10 y 13 de agosto entre las 5:00 p. m. y 11:00 p. m., el jueves 11 en el Parque de las Luces entre las 7:00 a. m. y las 5:00 p. m., el 12 de agosto en el Escenario Colombia (Ciudad del R\u00edo) entre las 5:00 p. m. y 11:00 p. m., el domingo 14 en el Parque Juanes de la Paz entre las 12:00 del mediod\u00eda y las 5:00 p. m. y en el Estadio Atanasio Girardot estar\u00e1 los d\u00edas 15 y 16 de agosto de 2:00 p. m. a 8:00 p. m. y de 5:00 a. m. a 1:00 p. m. respectivamente.<\/p>\n","protected":false},"excerpt":{"rendered":"<p>Est\u00e1 disponible en el portal oficial https:\/\/feriadelasfloresmedellin.gov.co\/. En \u00e9l, los usuarios pueden chatear entre s\u00ed, disfrutar del Desfile de Silleteros, entre otras actividades que incluyen conciertos. La Alcald\u00eda de Medell\u00edn tendr\u00e1 puntos experienciales en los &#8230;<\/p>\n","protected":false},"author":21,"featured_media":83488,"comment_status":"open","ping_status":"open","sticky":false,"template":"","format":"standard","meta":[],"categories":[1,31],"tags":[444,428,429,430],"formato_nota":[],"programas_tax":[],"acf":[],"_links":{"self":[{"href":"https:\/\/www.medellin.gov.co\/es\/wp-json\/wp\/v2\/posts\/83534"}],"collection":[{"href":"https:\/\/www.medellin.gov.co\/es\/wp-json\/wp\/v2\/posts"}],"about":[{"href":"https:\/\/www.medellin.gov.co\/es\/wp-json\/wp\/v2\/types\/post"}],"author":[{"embeddable":true,"href":"https:\/\/www.medellin.gov.co\/es\/wp-json\/wp\/v2\/users\/21"}],"replies":[{"embeddable":true,"href":"https:\/\/www.medellin.gov.co\/es\/wp-json\/wp\/v2\/comments?post=83534"}],"version-history":[{"count":2,"href":"https:\/\/www.medellin.gov.co\/es\/wp-json\/wp\/v2\/posts\/83534\/revisions"}],"predecessor-version":[{"id":83539,"href":"https:\/\/www.medellin.gov.co\/es\/wp-json\/wp\/v2\/posts\/83534\/revisions\/83539"}],"wp:featuredmedia":[{"embeddable":true,"href":"https:\/\/www.medellin.gov.co\/es\/wp-json\/wp\/v2\/media\/83488"}],"wp:attachment":[{"href":"https:\/\/www.medellin.gov.co\/es\/wp-json\/wp\/v2\/media?parent=83534"}],"wp:term":[{"taxonomy":"category","embeddable":true,"href":"https:\/\/www.medellin.gov.co\/es\/wp-json\/wp\/v2\/categories?post=83534"},{"taxonomy":"post_tag","embeddable":true,"href":"https:\/\/www.medellin.gov.co\/es\/wp-json\/wp\/v2\/tags?post=83534"},{"taxonomy":"formato_nota","embeddable":true,"href":"https:\/\/www.medellin.gov.co\/es\/wp-json\/wp\/v2\/formato_nota?post=83534"},{"taxonomy":"programas_tax","embeddable":true,"href":"https:\/\/www.medellin.gov.co\/es\/wp-json\/wp\/v2\/programas_tax?post=83534"}],"curies":[{"name":"wp","href":"https:\/\/api.w.org\/{rel}","templated":true}]}}