{"id":84400,"date":"2022-08-11T10:06:28","date_gmt":"2022-08-11T15:06:28","guid":{"rendered":"https:\/\/www.medellin.gov.co\/es\/?p=84400"},"modified":"2022-10-10T09:43:49","modified_gmt":"2022-10-10T14:43:49","slug":"el-rey-de-la-cantina-alci-acosta-hizo-florecer-el-sentimiento-en-el-parque-de-los-deseos","status":"publish","type":"post","link":"https:\/\/www.medellin.gov.co\/es\/sala-de-prensa\/noticias\/el-rey-de-la-cantina-alci-acosta-hizo-florecer-el-sentimiento-en-el-parque-de-los-deseos\/","title":{"rendered":"\u201cEl Rey de la Cantina\u201d, Alci Acosta, hizo florecer el sentimiento en el parque de los Deseos"},"content":{"rendered":"<p><em>El escenario Conexi\u00f3n en el parque de los Deseos volvi\u00f3 de nuevo a ofrecer un show de primera categor\u00eda. Esta vez fue el Maestro Alci Acosta quien puso a cantar y a gozar al p\u00fablico asistente con su piano y con su voz, en la que puede ser su \u00faltima gira, antes de su retiro definitivo.<\/em><\/p>\n<p>El 5 de noviembre de 1938, en Soledad, Atl\u00e1ntico, vio la luz un ni\u00f1o que con el paso de los a\u00f1os se iba a convertir en un \u00eddolo del pueblo y tal vez en el personaje m\u00e1s ilustre de ese municipio de la costa caribe colombiana.<\/p>\n<div id=\"attachment_84623\" style=\"width: 1034px\" class=\"wp-caption alignnone\"><a href=\"https:\/\/www.medellin.gov.co\/es\/wp-content\/uploads\/2022\/08\/Escenario_Conexio_Alci_Acosta_1.jpg\" target=\"_blank\" rel=\"noopener\"><img aria-describedby=\"caption-attachment-84623\" loading=\"lazy\" class=\"wp-image-84623 size-large\" title=\"Escenario Conexi\u00f3n - Alci Acosta en la Noche de Cantautores y Boleros\" src=\"https:\/\/www.medellin.gov.co\/es\/wp-content\/uploads\/2022\/08\/Escenario_Conexio_Alci_Acosta_1-1024x684.jpg\" alt=\"Escenario Conexi\u00f3n - Alci Acosta en la Noche de Cantautores y Boleros\" width=\"1024\" height=\"684\" srcset=\"https:\/\/www.medellin.gov.co\/es\/wp-content\/uploads\/2022\/08\/Escenario_Conexio_Alci_Acosta_1-1024x684.jpg 1024w, https:\/\/www.medellin.gov.co\/es\/wp-content\/uploads\/2022\/08\/Escenario_Conexio_Alci_Acosta_1-300x200.jpg 300w, https:\/\/www.medellin.gov.co\/es\/wp-content\/uploads\/2022\/08\/Escenario_Conexio_Alci_Acosta_1-150x100.jpg 150w, https:\/\/www.medellin.gov.co\/es\/wp-content\/uploads\/2022\/08\/Escenario_Conexio_Alci_Acosta_1-768x513.jpg 768w, https:\/\/www.medellin.gov.co\/es\/wp-content\/uploads\/2022\/08\/Escenario_Conexio_Alci_Acosta_1.jpg 1200w\" sizes=\"(max-width: 1024px) 100vw, 1024px\" \/><\/a><p id=\"caption-attachment-84623\" class=\"wp-caption-text\">Escenario Conexi\u00f3n &#8211; Alci Acosta en la Noche de Cantautores y Boleros<\/p><\/div>\n<p>Fue bautizado con el nombre de Alcibiades Alfonso Acosta Cervantes, m\u00e1s conocido en el mundo de la m\u00fasica y del espect\u00e1culo como Alci Acosta, m\u00fasico y compositor colombiano que hizo de su estilo particular para intrerpretar el bolero despechado, pero de una forma diferente, lo que ha sido toda una marca que se reconoce de inmediato al primer acorde de su piano.<\/p>\n<p>Toda la vida ha vivido en el mismo barrio llamado Oriental, en su natal Soledad, donde se mantiene cuando no est\u00e1 dando conciertos.\u00a0 65 a\u00f1os de su vida los ha dedicado a la m\u00fasica y est\u00e1 casado desde siempre y para siempre con do\u00f1a Ruth, quien falleci\u00f3 por causas relacionadas con el Covid y atesora en su memoria un historial de an\u00e9cdotas de las buenas y de las malas.<\/p>\n<p><strong>Su historia musical<\/strong><\/p>\n<p>De su infancia se sabe que estuvo marcada por carencias econ\u00f3micas. Luciano, su padre, llevaba el pan a la casa haciendo tacones para zapatos de mujer, labor en que le ayudaban \u00e9l y su hermano Alfredo.<\/p>\n<p>Su vena musical le lleg\u00f3 del lado de los Cervantes, por parte de un primo hermano que tocaba la bater\u00eda, quien le consigui\u00f3 a una profesora de piano y solfeo llamada Ana Carrasquilla, quien -a su vez- le dio las primeras clases. Ella le consigui\u00f3 un cupo en Bellas Artes y all\u00ed conoci\u00f3 a Lucho Better: la persona que le ense\u00f1\u00f3 a tocar cumbia y guaracha en el piano.<\/p>\n<div id=\"attachment_84625\" style=\"width: 1034px\" class=\"wp-caption alignnone\"><a href=\"https:\/\/www.medellin.gov.co\/es\/wp-content\/uploads\/2022\/08\/Escenario_Conexio_Alci_Acosta_2.jpg\" target=\"_blank\" rel=\"noopener\"><img aria-describedby=\"caption-attachment-84625\" loading=\"lazy\" class=\"wp-image-84625 size-large\" title=\"Escenario Conexi\u00f3n - Alci Acosta en la Noche de Cantautores y Boleros\" src=\"https:\/\/www.medellin.gov.co\/es\/wp-content\/uploads\/2022\/08\/Escenario_Conexio_Alci_Acosta_2-1024x684.jpg\" alt=\"Escenario Conexi\u00f3n - Alci Acosta en la Noche de Cantautores y Boleros\" width=\"1024\" height=\"684\" srcset=\"https:\/\/www.medellin.gov.co\/es\/wp-content\/uploads\/2022\/08\/Escenario_Conexio_Alci_Acosta_2-1024x684.jpg 1024w, https:\/\/www.medellin.gov.co\/es\/wp-content\/uploads\/2022\/08\/Escenario_Conexio_Alci_Acosta_2-300x200.jpg 300w, https:\/\/www.medellin.gov.co\/es\/wp-content\/uploads\/2022\/08\/Escenario_Conexio_Alci_Acosta_2-150x100.jpg 150w, https:\/\/www.medellin.gov.co\/es\/wp-content\/uploads\/2022\/08\/Escenario_Conexio_Alci_Acosta_2-768x513.jpg 768w, https:\/\/www.medellin.gov.co\/es\/wp-content\/uploads\/2022\/08\/Escenario_Conexio_Alci_Acosta_2.jpg 1200w\" sizes=\"(max-width: 1024px) 100vw, 1024px\" \/><\/a><p id=\"caption-attachment-84625\" class=\"wp-caption-text\">Escenario Conexi\u00f3n &#8211; Alci Acosta en la Noche de Cantautores y Boleros<\/p><\/div>\n<p>Sin saber mucho y siendo muy joven empez\u00f3 a tocar con una papayera en un cabar\u00e9 en Barranquilla.\u00a0 De ah\u00ed pas\u00f3 a la orquesta los Sonoros Coste\u00f1os, que manejaba un t\u00edo. Estando all\u00ed comienza a tocar con algunas orquestas, pero su carrera art\u00edstica como solista se inicia en el a\u00f1o 1965 cuando graba su primer sencillo:\u00a0 <em>Odio Gitano, <\/em>el cual fue tambi\u00e9n su primer \u00e9xito que empez\u00f3 a sonar con fuerza en las diferentes emisoras de la regi\u00f3n y en ciudades como Barranquilla, Santa Marta, Cartagena, Cali y Bogot\u00e1, dando inicio a una de las carreras m\u00e1s longevas y prol\u00edf\u00edcas qua haya tenido alg\u00fan m\u00fasico en Colombia.<\/p>\n<p>Entre sus historias se cuenta que tiempo despu\u00e9s tuvo la oportunidad de compartir estudio de grabaci\u00f3n con los \u00eddolos ecuatorianos Julio Jaramillo y Olimpo C\u00e1rdenas, para luego irse de gira por M\u00e9xico, Venezuela, Per\u00fa y Ecuador, empezando a ganar y a crecer en seguidores en estos pa\u00edses.<\/p>\n<p><strong>Su estilo y sus canciones<\/strong><\/p>\n<p>Con el paso de los a\u00f1os su prestigio fue en aumento y se fue convirtiendo en un \u00eddolo por su forma de cantar, despechada, pero un poco diferente o m\u00e1s elegante. El resto de su carrera la ha dedicado a dar recitales y conciertos, en Colombia y en otros pa\u00edses, reeditando sus canciones y grabando temas nuevos.<\/p>\n<div id=\"attachment_84629\" style=\"width: 1034px\" class=\"wp-caption alignnone\"><a href=\"https:\/\/www.medellin.gov.co\/es\/wp-content\/uploads\/2022\/08\/Escenario_Conexio_Alci_Acosta_7.jpg\" target=\"_blank\" rel=\"noopener\"><img aria-describedby=\"caption-attachment-84629\" loading=\"lazy\" class=\"wp-image-84629 size-large\" title=\"Escenario Conexi\u00f3n - Alci Acosta en la Noche de Cantautores y Boleros\" src=\"https:\/\/www.medellin.gov.co\/es\/wp-content\/uploads\/2022\/08\/Escenario_Conexio_Alci_Acosta_7-1024x684.jpg\" alt=\"Escenario Conexi\u00f3n - Alci Acosta en la Noche de Cantautores y Boleros\" width=\"1024\" height=\"684\" srcset=\"https:\/\/www.medellin.gov.co\/es\/wp-content\/uploads\/2022\/08\/Escenario_Conexio_Alci_Acosta_7-1024x684.jpg 1024w, https:\/\/www.medellin.gov.co\/es\/wp-content\/uploads\/2022\/08\/Escenario_Conexio_Alci_Acosta_7-300x200.jpg 300w, https:\/\/www.medellin.gov.co\/es\/wp-content\/uploads\/2022\/08\/Escenario_Conexio_Alci_Acosta_7-150x100.jpg 150w, https:\/\/www.medellin.gov.co\/es\/wp-content\/uploads\/2022\/08\/Escenario_Conexio_Alci_Acosta_7-768x513.jpg 768w, https:\/\/www.medellin.gov.co\/es\/wp-content\/uploads\/2022\/08\/Escenario_Conexio_Alci_Acosta_7.jpg 1200w\" sizes=\"(max-width: 1024px) 100vw, 1024px\" \/><\/a><p id=\"caption-attachment-84629\" class=\"wp-caption-text\">Escenario Conexi\u00f3n &#8211; Alci Acosta en la Noche de Cantautores y Boleros<\/p><\/div>\n<p>\u00c9xitos como <em>Traicionera, La c\u00e1rcel de Sing Sing<\/em> o el <em>\u00daltimo<\/em> beso, entre otros, hacen parte de su repertorio y no ha de faltar la reuni\u00f3n en donde en alg\u00fan momento pongan algo de su m\u00fasica, la que ha permeado diferentes generaciones a lo largo del tiempo.<\/p>\n<p>Se afirma que su tema\u00a0<em>La c\u00e1rcel de Sing Sing<\/em>\u00a0es uno de los boleros m\u00e1s sonados en Per\u00fa y que su voz tan caracter\u00edstica ha propiciado que en algunas pel\u00edculas filmadas en dicho pa\u00eds -donde Alci es muy popular- se escuche de fondo alguno de sus temas para crear ciertos ambientes, como es el caso del filme <em>Pantale\u00f3n y las Visitadoras<\/em>; pero sin duda, su gran \u00e9xito es <em>La copa rota,<\/em> canci\u00f3n que hace parte siempre de su repertorio.<\/p>\n<p><strong>Su anunciado retiro y el homenaje en Medell\u00edn<\/strong><\/p>\n<p>Su presencia en Medell\u00edn obedece a su participaci\u00f3n en un concierto por la Feria de las Flores 2022, programado para este mi\u00e9rcoles 10 de agosto en el parque de los Deseos, pero que realmente dio inicio en los primeros minutos de la madrugada del jueves.<\/p>\n<p>Para iniciar su intervenci\u00f3n musical subi\u00f3 a la tarima acompa\u00f1ado de su gente de confianza y apoyado en un bast\u00f3n debido a una molestia que le aqueja en una pierna. El lugar estaba repleto de personas venidas de todos los barrios de la ciudad, de distintas partes del pa\u00eds y de turistas que nos visitan y que disfrutan de esta Feria de las Flores.<\/p>\n<p>Al son del primer acorde del piano, con su primera interpretaci\u00f3n <em>Si hoy fuera ayer <\/em>y las que le siguieron, la multitud comenz\u00f3 a cantar y a aplaudir esas letras sencillas y de f\u00e1cil recordaci\u00f3n, que son en parte el motivo del \u00e9xito de este artista solede\u00f1o.<\/p>\n<p>El show comenz\u00f3 y desfilaron varios de sus \u00e9xitos musicales y luego de cantar <em>Cascarrrabias<\/em> -un tema dedicado a los padres y a los abuelos- se hizo un corte que estaba programado para hacerle un homenaje por parte de la Administraci\u00f3n Distrital que le confiri\u00f3 -como tributo a su trayectoria- la m\u00e1xima distinci\u00f3n que se entrega a un ciudadano:\u00a0 la Medalla Alcald\u00eda de Medell\u00edn en categor\u00eda Oro.<\/p>\n<div id=\"attachment_84627\" style=\"width: 1034px\" class=\"wp-caption alignnone\"><a href=\"https:\/\/www.medellin.gov.co\/es\/wp-content\/uploads\/2022\/08\/Escenario_Conexio_Alci_Acosta_3.jpg\" target=\"_blank\" rel=\"noopener\"><img aria-describedby=\"caption-attachment-84627\" loading=\"lazy\" class=\"wp-image-84627 size-large\" title=\"Escenario Conexi\u00f3n - Alci Acosta en la Noche de Cantautores y Boleros\" src=\"https:\/\/www.medellin.gov.co\/es\/wp-content\/uploads\/2022\/08\/Escenario_Conexio_Alci_Acosta_3-1024x684.jpg\" alt=\"Escenario Conexi\u00f3n - Alci Acosta en la Noche de Cantautores y Boleros\" width=\"1024\" height=\"684\" srcset=\"https:\/\/www.medellin.gov.co\/es\/wp-content\/uploads\/2022\/08\/Escenario_Conexio_Alci_Acosta_3-1024x684.jpg 1024w, https:\/\/www.medellin.gov.co\/es\/wp-content\/uploads\/2022\/08\/Escenario_Conexio_Alci_Acosta_3-300x200.jpg 300w, https:\/\/www.medellin.gov.co\/es\/wp-content\/uploads\/2022\/08\/Escenario_Conexio_Alci_Acosta_3-150x100.jpg 150w, https:\/\/www.medellin.gov.co\/es\/wp-content\/uploads\/2022\/08\/Escenario_Conexio_Alci_Acosta_3-768x513.jpg 768w, https:\/\/www.medellin.gov.co\/es\/wp-content\/uploads\/2022\/08\/Escenario_Conexio_Alci_Acosta_3.jpg 1200w\" sizes=\"(max-width: 1024px) 100vw, 1024px\" \/><\/a><p id=\"caption-attachment-84627\" class=\"wp-caption-text\">Escenario Conexi\u00f3n &#8211; Alci Acosta en la Noche de Cantautores y Boleros<\/p><\/div>\n<p>Al recibirla, el Maestro Alci Acosta, sin hacer alarde de grandes discursos y con una humilde tranquilidad expres\u00f3 su gratitud por este gesto y record\u00f3 que las mejores canciones que ha grabado fueron en esta ciudad. \u201c<em>Eso ocurri\u00f3 cuando era artista exclusivo de Sonolux, Codiscos y Fuentes, hace 60 a\u00f1os, pero todo eso se lo debo a la gente de Medell\u00edn que durante tanto tiempo me ha apoyado y me sigue apoyando a pesar de que ya estamos en plan de retirarnos de nuestra actividad como pianista y cantante<\/em>\u201d, se\u00f1al\u00f3 el Maestro.<\/p>\n<p>Y acto seguido sigui\u00f3 cantando, como lo hizo al inicio, haciendo una breve introducci\u00f3n de cada tema que iba a interpretar, hablando sobre su compositor y de la tem\u00e1tica de la canci\u00f3n y tomando algo de t\u00e9 en las pausas, para refrescar su voz.<\/p>\n<p><strong>La opini\u00f3n de los expertos<\/strong><\/p>\n<p>En opini\u00f3n del reconocido locutor y presentador de televis\u00f3n, Hern\u00e1n Dar\u00edo Usquiano, llamado <em>El<\/em> <em>se\u00f1or de las historias<\/em>, Alci Acosta como ser humano<em> \u201ces un hombre impecable a pesar de venir de una regi\u00f3n rumbera, es un hombre absolutamente disciplinado, responsable y como lo dice su hijo, el Checo Acosta, es un gran pap\u00e1.\u00a0 Pienso que es un ser humano extraordinario\u201d.<\/em><\/p>\n<p>Y al referirse a su m\u00fasica suelta una sentencia que marca el significado de este artista: <em>\u201c\u00c9l es el rey de la cantina.\u00a0 Creo que ha sido el hombre que m\u00e1s monedas le hizo echar a los tragan\u00edqueles en Medell\u00edn, en Antioquia, en Colombia y en el mundo\u201d.<\/em><\/p>\n<div id=\"attachment_84628\" style=\"width: 1034px\" class=\"wp-caption alignnone\"><a href=\"https:\/\/www.medellin.gov.co\/es\/wp-content\/uploads\/2022\/08\/Escenario_Conexio_Alci_Acosta_6.jpg\" target=\"_blank\" rel=\"noopener\"><img aria-describedby=\"caption-attachment-84628\" loading=\"lazy\" class=\"wp-image-84628 size-large\" title=\"Escenario Conexi\u00f3n - Alci Acosta en la Noche de Cantautores y Boleros\" src=\"https:\/\/www.medellin.gov.co\/es\/wp-content\/uploads\/2022\/08\/Escenario_Conexio_Alci_Acosta_6-1024x684.jpg\" alt=\"Escenario Conexi\u00f3n - Alci Acosta en la Noche de Cantautores y Boleros\" width=\"1024\" height=\"684\" srcset=\"https:\/\/www.medellin.gov.co\/es\/wp-content\/uploads\/2022\/08\/Escenario_Conexio_Alci_Acosta_6-1024x684.jpg 1024w, https:\/\/www.medellin.gov.co\/es\/wp-content\/uploads\/2022\/08\/Escenario_Conexio_Alci_Acosta_6-300x200.jpg 300w, https:\/\/www.medellin.gov.co\/es\/wp-content\/uploads\/2022\/08\/Escenario_Conexio_Alci_Acosta_6-150x100.jpg 150w, https:\/\/www.medellin.gov.co\/es\/wp-content\/uploads\/2022\/08\/Escenario_Conexio_Alci_Acosta_6-768x513.jpg 768w, https:\/\/www.medellin.gov.co\/es\/wp-content\/uploads\/2022\/08\/Escenario_Conexio_Alci_Acosta_6.jpg 1200w\" sizes=\"(max-width: 1024px) 100vw, 1024px\" \/><\/a><p id=\"caption-attachment-84628\" class=\"wp-caption-text\">Escenario Conexi\u00f3n &#8211; Alci Acosta en la Noche de Cantautores y Boleros<\/p><\/div>\n<p>Su retiro ha sido anunciado varias veces y hasta \u00e9l mismo lo anunci\u00f3 en esta presentaci\u00f3n.\u00a0 Lo cierto es que el Maestro Alci Acosta desde hace un tiempo pasa tranquilo sus d\u00edas en su casa de Soledad, cada vez m\u00e1s alejado de los escenarios.<\/p>\n<p>Con el tiempo se sabr\u00e1 cu\u00e1ndo es su adi\u00f3s definitivo, pero mientras tanto, siempre habr\u00e1 alg\u00fan tragan\u00edquel en alg\u00fan bar, adonde llegue un parroquiano a echar una moneda para hacer sonar alguno de sus grandes \u00e9xitos.<\/p>\n","protected":false},"excerpt":{"rendered":"<p>El escenario Conexi\u00f3n en el parque de los Deseos volvi\u00f3 de nuevo a ofrecer un show de primera categor\u00eda. Esta vez fue el Maestro Alci Acosta quien puso a cantar y a gozar al p\u00fablico &#8230;<\/p>\n","protected":false},"author":17,"featured_media":84622,"comment_status":"open","ping_status":"open","sticky":false,"template":"","format":"standard","meta":[],"categories":[531,1,31],"tags":[444,429],"formato_nota":[],"programas_tax":[],"acf":[],"_links":{"self":[{"href":"https:\/\/www.medellin.gov.co\/es\/wp-json\/wp\/v2\/posts\/84400"}],"collection":[{"href":"https:\/\/www.medellin.gov.co\/es\/wp-json\/wp\/v2\/posts"}],"about":[{"href":"https:\/\/www.medellin.gov.co\/es\/wp-json\/wp\/v2\/types\/post"}],"author":[{"embeddable":true,"href":"https:\/\/www.medellin.gov.co\/es\/wp-json\/wp\/v2\/users\/17"}],"replies":[{"embeddable":true,"href":"https:\/\/www.medellin.gov.co\/es\/wp-json\/wp\/v2\/comments?post=84400"}],"version-history":[{"count":5,"href":"https:\/\/www.medellin.gov.co\/es\/wp-json\/wp\/v2\/posts\/84400\/revisions"}],"predecessor-version":[{"id":84651,"href":"https:\/\/www.medellin.gov.co\/es\/wp-json\/wp\/v2\/posts\/84400\/revisions\/84651"}],"wp:featuredmedia":[{"embeddable":true,"href":"https:\/\/www.medellin.gov.co\/es\/wp-json\/wp\/v2\/media\/84622"}],"wp:attachment":[{"href":"https:\/\/www.medellin.gov.co\/es\/wp-json\/wp\/v2\/media?parent=84400"}],"wp:term":[{"taxonomy":"category","embeddable":true,"href":"https:\/\/www.medellin.gov.co\/es\/wp-json\/wp\/v2\/categories?post=84400"},{"taxonomy":"post_tag","embeddable":true,"href":"https:\/\/www.medellin.gov.co\/es\/wp-json\/wp\/v2\/tags?post=84400"},{"taxonomy":"formato_nota","embeddable":true,"href":"https:\/\/www.medellin.gov.co\/es\/wp-json\/wp\/v2\/formato_nota?post=84400"},{"taxonomy":"programas_tax","embeddable":true,"href":"https:\/\/www.medellin.gov.co\/es\/wp-json\/wp\/v2\/programas_tax?post=84400"}],"curies":[{"name":"wp","href":"https:\/\/api.w.org\/{rel}","templated":true}]}}