{"id":84478,"date":"2022-08-11T11:12:55","date_gmt":"2022-08-11T16:12:55","guid":{"rendered":"https:\/\/www.medellin.gov.co\/es\/?p=84478"},"modified":"2022-10-10T09:41:27","modified_gmt":"2022-10-10T14:41:27","slug":"para-proteger-la-cancha-del-estadio-atanasio-girardot-la-grama-tendra-cuidados-especiales-antes-durante-y-despues-de-los-eventos-de-la-feria-de-las-flores","status":"publish","type":"post","link":"https:\/\/www.medellin.gov.co\/es\/sala-de-prensa\/noticias\/para-proteger-la-cancha-del-estadio-atanasio-girardot-la-grama-tendra-cuidados-especiales-antes-durante-y-despues-de-los-eventos-de-la-feria-de-las-flores\/","title":{"rendered":"Para proteger la cancha del estadio Atanasio Girardot, la grama tendr\u00e1 cuidados especiales antes, durante y despu\u00e9s de los eventos de la Feria de las Flores"},"content":{"rendered":"<ul>\n<li>Desde el 2 de agosto, la cancha recibe cuidados especiales para su conservaci\u00f3n durante los eventos de la Feria de las Flores que se realizar\u00e1n all\u00ed.<\/li>\n<li>Entre el 12 y el 15 de agosto, en el estadio se har\u00e1n dos eventos privados, adem\u00e1s de la llegada del Desfile de Silleteros, el 15 de agosto.<\/li>\n<li>Un riego diferencial de fertilizantes, insecticidas y fungicidas hacen parte de los cuidados de la grama del Atanasio Girardot.<\/li>\n<\/ul>\n<!--[if lt IE 9]><script>document.createElement('audio');<\/script><![endif]-->\n\t<div class=\"wp-playlist wp-audio-playlist wp-playlist-light\">\n\t\t\t<div class=\"wp-playlist-current-item\"><\/div>\n\t\t<audio controls=\"controls\" preload=\"none\" width=\"640\"\n\t\t\t><\/audio>\n\t<div class=\"wp-playlist-next\"><\/div>\n\t<div class=\"wp-playlist-prev\"><\/div>\n\t<noscript>\n\t<ol>\n\t\t<li><a href='https:\/\/www.medellin.gov.co\/es\/wp-content\/uploads\/2022\/08\/cancha-eventos-feria-de-flores.mp3'>Palabras de Cristian S\u00e1nchez, director del INDER.<\/a><\/li>\t<\/ol>\n\t<\/noscript>\n\t<script type=\"application\/json\" class=\"wp-playlist-script\">{\"type\":\"audio\",\"tracklist\":true,\"tracknumbers\":true,\"images\":true,\"artists\":true,\"tracks\":[{\"src\":\"https:\\\/\\\/www.medellin.gov.co\\\/es\\\/wp-content\\\/uploads\\\/2022\\\/08\\\/cancha-eventos-feria-de-flores.mp3\",\"type\":\"audio\\\/mpeg\",\"title\":\"Palabras de Cristian S\\u00e1nchez, director del INDER.\",\"caption\":\"\",\"description\":\"\\u00abcancha-eventos-feria-de-flores\\u00bb. Lanzamiento: 2022.\",\"meta\":{\"year\":\"2022\",\"length_formatted\":\"0:44\"},\"image\":{\"src\":\"https:\\\/\\\/www.medellin.gov.co\\\/es\\\/wp-includes\\\/images\\\/media\\\/audio.png\",\"width\":48,\"height\":64},\"thumb\":{\"src\":\"https:\\\/\\\/www.medellin.gov.co\\\/es\\\/wp-includes\\\/images\\\/media\\\/audio.png\",\"width\":48,\"height\":64}}]}<\/script>\n<\/div>\n\t\n<p>El pasado 2 de agosto, el equipo t\u00e9cnico y de agr\u00f3nomos del INDER Medell\u00edn, inici\u00f3 un trabajo especial en la grama del estadio Atanasio Girardot, con el fin de proteger el escenario deportivo antes, durante y despu\u00e9s del desarrollo de los conciertos que se realizar\u00e1n en la cancha por la Feria de las Flores. Este grupo ha intervenido el c\u00e9sped, de manera preventiva, para mitigar las afectaciones y que siga siendo el mejor gramado del pa\u00eds.<\/p>\n<p><em>\u201cMedell\u00edn se ha caracterizado por recibir grandes eventos deportivos y tambi\u00e9n culturales y, por eso, debemos tener un sentido de corresponsabilidad con este \u00f3rgano vivo que es la manga del estadio. Tenemos un equipo de t\u00e9cnicos, de agr\u00f3nomos, que cada que hay un partido o un concierto pasan a hidratar, airear y abonar esta grama, para que la tengamos en perfectas condiciones\u201d, <\/em>dijo el director del INDER, Cristian S\u00e1nchez.<\/p>\n<p>Entre las principales actividades, antes de proteger el campo con estibas especiales, se destaca el riego de fertilizantes para las hojas. Adem\u00e1s, se hicieron aplicaciones preventivas de fungicidas e insecticidas para evitar cualquier clase de pat\u00f3genos o microorganismos da\u00f1inos que pueden surgir por la humedad.<\/p>\n<p>Asimismo, se hizo un corte a la grama para que quede m\u00e1s baja y evitar un gran crecimiento durante los eventos. Igualmente, dependiendo del clima, se har\u00eda riego de la misma y se adoptar\u00e1 un control de temperatura para evitar que supere los 38 grados, y en caso de que esto suceda, se proceder\u00e1 con un riego adicional para controlarla.<\/p>\n<p><em>\u201cDependemos mucho de los cambios clim\u00e1ticos, para que la cancha tenga el m\u00ednimo impacto. Es muy posible que la grama cambie un poco de color, pero no quiere decir que haya sufrido, pues es una reacci\u00f3n normal al estar varios d\u00edas tapada. Desde el INDER hemos planeado todo para que sigamos con la mejor cancha del pa\u00eds\u201d<\/em>, precis\u00f3 el agr\u00f3nomo del estadio, Juan Daniel Aguilar Escobar.<\/p>\n<p>Este 12 de agosto, en el estadio Atanasio Girardot, se realizar\u00e1 el concierto \u201cThe Kings\u201d, con artistas como Don Omar y Juan Luis Guerra. El 13 de agosto ser\u00e1 el S\u00faper Concierto, con la presentaci\u00f3n de Marc Anthony y Silvestre Dangond y, el 15 de agosto, ser\u00e1 el concierto de clausura de la Feria de las Flores y la llegada del Desfile de Silleteros.<\/p>\n<p>Posterior a estos eventos y al destapar la cancha de las estibas protectoras, se har\u00e1 nuevamente la aplicaci\u00f3n de fertilizantes, fungicidas e insecticidas, de manera preventiva. Durante ocho d\u00edas, se efectuar\u00e1 una nivelaci\u00f3n o resane con arena y se bajar\u00e1 el corte para garantizar que la cancha siga en su mejor estado.<\/p>\n<p>Desde el INDER Medell\u00edn, se hace un llamado al buen comportamiento de los asistentes a estos eventos masivos, con el manejo adecuado de los residuos y a no arrojar l\u00edquidos a la grama. La corresponsabilidad hace parte del buen comportamiento ciudadano y del uso correcto de estos espacios que son para el disfrute de todos.<\/p>\n","protected":false},"excerpt":{"rendered":"<p>Desde el 2 de agosto, la cancha recibe cuidados especiales para su conservaci\u00f3n durante los eventos de la Feria de las Flores que se realizar\u00e1n all\u00ed. Entre el 12 y el 15 de agosto, en &#8230;<\/p>\n","protected":false},"author":4,"featured_media":84482,"comment_status":"open","ping_status":"open","sticky":false,"template":"","format":"standard","meta":[],"categories":[8],"tags":[451,428],"formato_nota":[],"programas_tax":[],"acf":[],"_links":{"self":[{"href":"https:\/\/www.medellin.gov.co\/es\/wp-json\/wp\/v2\/posts\/84478"}],"collection":[{"href":"https:\/\/www.medellin.gov.co\/es\/wp-json\/wp\/v2\/posts"}],"about":[{"href":"https:\/\/www.medellin.gov.co\/es\/wp-json\/wp\/v2\/types\/post"}],"author":[{"embeddable":true,"href":"https:\/\/www.medellin.gov.co\/es\/wp-json\/wp\/v2\/users\/4"}],"replies":[{"embeddable":true,"href":"https:\/\/www.medellin.gov.co\/es\/wp-json\/wp\/v2\/comments?post=84478"}],"version-history":[{"count":1,"href":"https:\/\/www.medellin.gov.co\/es\/wp-json\/wp\/v2\/posts\/84478\/revisions"}],"predecessor-version":[{"id":84489,"href":"https:\/\/www.medellin.gov.co\/es\/wp-json\/wp\/v2\/posts\/84478\/revisions\/84489"}],"wp:featuredmedia":[{"embeddable":true,"href":"https:\/\/www.medellin.gov.co\/es\/wp-json\/wp\/v2\/media\/84482"}],"wp:attachment":[{"href":"https:\/\/www.medellin.gov.co\/es\/wp-json\/wp\/v2\/media?parent=84478"}],"wp:term":[{"taxonomy":"category","embeddable":true,"href":"https:\/\/www.medellin.gov.co\/es\/wp-json\/wp\/v2\/categories?post=84478"},{"taxonomy":"post_tag","embeddable":true,"href":"https:\/\/www.medellin.gov.co\/es\/wp-json\/wp\/v2\/tags?post=84478"},{"taxonomy":"formato_nota","embeddable":true,"href":"https:\/\/www.medellin.gov.co\/es\/wp-json\/wp\/v2\/formato_nota?post=84478"},{"taxonomy":"programas_tax","embeddable":true,"href":"https:\/\/www.medellin.gov.co\/es\/wp-json\/wp\/v2\/programas_tax?post=84478"}],"curies":[{"name":"wp","href":"https:\/\/api.w.org\/{rel}","templated":true}]}}