{"id":91713,"date":"2022-08-30T16:39:31","date_gmt":"2022-08-30T21:39:31","guid":{"rendered":"https:\/\/www.medellin.gov.co\/es\/?p=91713"},"modified":"2022-09-01T08:13:25","modified_gmt":"2022-09-01T13:13:25","slug":"mercados-campesinos-inicio-programa-de-compras-publicas-para-aumentar-en-un-10-sus-ventas-en-2023","status":"publish","type":"post","link":"https:\/\/www.medellin.gov.co\/es\/sala-de-prensa\/noticias\/mercados-campesinos-inicio-programa-de-compras-publicas-para-aumentar-en-un-10-sus-ventas-en-2023\/","title":{"rendered":"Mercados Campesinos inici\u00f3 Programa de Compras P\u00fablicas para aumentar en un 10% sus ventas en 2023"},"content":{"rendered":"<ul>\n<li>La iniciativa Mercados Campesinos Institucionales conectar\u00e1 a productores rurales con empresas que contratan con el Estado.<\/li>\n<li>M\u00e1s de 30 familias campesinas se beneficiar\u00e1n de forma directa e indirecta.<\/li>\n<li>La Cocina de Luis, proveedor institucional, fue la primera empresa privada en participar en este proyecto.<\/li>\n<\/ul>\n<!--[if lt IE 9]><script>document.createElement('audio');<\/script><![endif]-->\n\t<div class=\"wp-playlist wp-audio-playlist wp-playlist-light\">\n\t\t\t<div class=\"wp-playlist-current-item\"><\/div>\n\t\t<audio controls=\"controls\" preload=\"none\" width=\"640\"\n\t\t\t><\/audio>\n\t<div class=\"wp-playlist-next\"><\/div>\n\t<div class=\"wp-playlist-prev\"><\/div>\n\t<noscript>\n\t<ol>\n\t\t<li><a href='https:\/\/www.medellin.gov.co\/es\/wp-content\/uploads\/2022\/08\/mercados-campesinos-1.mp3'>Palabras de Tatiana Tob\u00f3n, subsecretaria de Desarrollo Rural.<\/a><\/li>\t<\/ol>\n\t<\/noscript>\n\t<script type=\"application\/json\" class=\"wp-playlist-script\">{\"type\":\"audio\",\"tracklist\":true,\"tracknumbers\":true,\"images\":true,\"artists\":true,\"tracks\":[{\"src\":\"https:\\\/\\\/www.medellin.gov.co\\\/es\\\/wp-content\\\/uploads\\\/2022\\\/08\\\/mercados-campesinos-1.mp3\",\"type\":\"audio\\\/mpeg\",\"title\":\"Palabras de Tatiana Tob\\u00f3n, subsecretaria de Desarrollo Rural.\",\"caption\":\"\",\"description\":\"Palabras de Tatiana Tob\\u00f3n, subsecretaria de Desarrollo Rural.\",\"meta\":{\"length_formatted\":\"0:21\"},\"image\":{\"src\":\"https:\\\/\\\/www.medellin.gov.co\\\/es\\\/wp-includes\\\/images\\\/media\\\/audio.png\",\"width\":48,\"height\":64},\"thumb\":{\"src\":\"https:\\\/\\\/www.medellin.gov.co\\\/es\\\/wp-includes\\\/images\\\/media\\\/audio.png\",\"width\":48,\"height\":64}}]}<\/script>\n<\/div>\n\t\n<p>Para conectar a los productores rurales de los corregimientos de Medell\u00edn con las empresas proveedoras del Estado, a nivel local, departamental y nacional, la Administraci\u00f3n Distrital inici\u00f3 el Programa de Compras P\u00fablicas denominado Mercados Campesinos Institucionales, con el que se espera aumentar los ingresos de los agricultores y productores participantes en un 10 % en 2023.<\/p>\n<p><em>\u201cHoy inicia nuestro nuevo canal de comercializaci\u00f3n, el canal institucional de Mercados Campesinos a trav\u00e9s del cual pretendemos acercar a nuestros productores de verduras, frutas, flores y diferentes transformados a empresas del sector p\u00fablico y privado de Medell\u00edn y de toda el \u00e1rea metropolitana\u201d, <\/em>dijo la subsecretaria de Desarrollo Rural, Tatiana Tob\u00f3n.<\/p>\n<p>El piloto comenz\u00f3 con La Cocina de Luis, compa\u00f1\u00eda que atiende programas de alimentaci\u00f3n de la Alcald\u00eda de Medell\u00edn y la Gobernaci\u00f3n de Antioquia, con la que se cerr\u00f3 un negocio para la compra de cuatro toneladas de alimentos como pl\u00e1tano, tomates, zanahoria, papa capira y lechuga, entre otros. En septiembre, se replicar\u00e1 esta primera prueba con otras tres empresas.<\/p>\n<p><em>\u201cHoy estamos recibiendo la primera entrega de Mercados Campesinos Institucionales, un programa del que nos enorgullece hacer parte de este arranque, ya que apoyamos a los campesinos y productores para que su trabajo y su esfuerzo se vean reflejados directamente en ellos. Nosotros trabajamos con programas de la Alcald\u00eda de Medell\u00edn y la Gobernaci\u00f3n de Antioquia, inclusive, estos mismos productos que estamos recibiendo van a retornar, en nuestras preparaciones, a los diferentes corregimientos, por ejemplo a trav\u00e9s de los Centros Vida Gerontol\u00f3gicos, un programa de la Alcald\u00eda\u201d,<\/em> expres\u00f3 el gerente general de La Cocina de Luis, Hern\u00e1n Montoya.<\/p>\n<div id=\"attachment_91717\" style=\"width: 910px\" class=\"wp-caption alignnone\"><a href=\"https:\/\/www.medellin.gov.co\/es\/wp-content\/uploads\/2022\/08\/mercados-campesinos-2-1.jpg\" target=\"_blank\" rel=\"noopener\"><img aria-describedby=\"caption-attachment-91717\" loading=\"lazy\" class=\"wp-image-91717 size-full\" title=\"Mercados Campesinos\" src=\"https:\/\/www.medellin.gov.co\/es\/wp-content\/uploads\/2022\/08\/mercados-campesinos-2-1.jpg\" alt=\"Mercados Campesinos\" width=\"900\" height=\"675\" srcset=\"https:\/\/www.medellin.gov.co\/es\/wp-content\/uploads\/2022\/08\/mercados-campesinos-2-1.jpg 900w, https:\/\/www.medellin.gov.co\/es\/wp-content\/uploads\/2022\/08\/mercados-campesinos-2-1-300x225.jpg 300w, https:\/\/www.medellin.gov.co\/es\/wp-content\/uploads\/2022\/08\/mercados-campesinos-2-1-150x113.jpg 150w, https:\/\/www.medellin.gov.co\/es\/wp-content\/uploads\/2022\/08\/mercados-campesinos-2-1-768x576.jpg 768w\" sizes=\"(max-width: 900px) 100vw, 900px\" \/><\/a><p id=\"caption-attachment-91717\" class=\"wp-caption-text\">Mercados Campesinos &#8211; Foto: Alcald\u00eda de Medell\u00edn<\/p><\/div>\n<p>Al cierre de 2022, la Administraci\u00f3n Distrital espera haber comercializado m\u00e1s de $80 millones con esta estrategia, recursos que van directamente a los bolsillos de los campesinos y sin intermediarios. En 2023, las ventas superar\u00e1n los $380 millones.<\/p>\n<p><em>\u201cNos encontramos en el cultivo hidrop\u00f3nico Verdum, un peque\u00f1o emprendimiento familiar en el cual producimos hortalizas de porte peque\u00f1o, como lechuga crespa verde, morada, romana y algunas variedades ex\u00f3ticas. Con esta alianza con la Alcald\u00eda de Medell\u00edn y los peque\u00f1os agricultores podemos ofrecer productos de calidad que van directamente al consumidor, con lo que se evitan intermediarios y se beneficia el campesino. Ofrecemos productos completamente frescos\u201d, <\/em>se\u00f1al\u00f3 Augusto Loaiza, productor rural de Santa Elena.<\/p>\n<p>A este nuevo canal de compras institucionales tambi\u00e9n se vincula la cadena del pl\u00e1tano, una red de 30 productores que cre\u00f3 la Administraci\u00f3n Distrital para mejorar la calidad de este alimento, con lo que se espera que los clientes obtengan un pl\u00e1tano que supere los est\u00e1ndares generales.<\/p>\n<p><em>\u201cA m\u00ed me gusta sembrar porque uno le puede vender a la gente y con eso uno est\u00e1 formando familia, creciendo como persona y ayudando a tener empleo\u201d<\/em>, manifest\u00f3 Juan Pablo Grajales, productor rural de Santa Elena.<\/p>\n<p>Medell\u00edn es la primera ciudad que acredita a sus productores rurales para que hagan parte de este canal institucional y se beneficien del proceso de Compras P\u00fablicas. Las personas interesadas en conocerlo deben escribir a <a href=\"mailto:mercadoscampesinosmed@medellindigital.gov.co\" target=\"_blank\" rel=\"noopener\">mercadoscampesinosmed@medellindigital.gov.co<\/a> o llamar al 6043855555, extensi\u00f3n 4037.<\/p>\n<p>Seg\u00fan la Ley 2046 y el Decreto 248 de 2021, todas las empresas que celebren contratos con el Estado deben adquirir de peque\u00f1os y medianos productores al menos el 30 % del valor destinado a la compra de alimentos.<\/p>\n","protected":false},"excerpt":{"rendered":"<p>La iniciativa Mercados Campesinos Institucionales conectar\u00e1 a productores rurales con empresas que contratan con el Estado. M\u00e1s de 30 familias campesinas se beneficiar\u00e1n de forma directa e indirecta. La Cocina de Luis, proveedor institucional, fue &#8230;<\/p>\n","protected":false},"author":4,"featured_media":91714,"comment_status":"open","ping_status":"open","sticky":false,"template":"","format":"standard","meta":[],"categories":[3],"tags":[433,443],"formato_nota":[],"programas_tax":[],"acf":[],"_links":{"self":[{"href":"https:\/\/www.medellin.gov.co\/es\/wp-json\/wp\/v2\/posts\/91713"}],"collection":[{"href":"https:\/\/www.medellin.gov.co\/es\/wp-json\/wp\/v2\/posts"}],"about":[{"href":"https:\/\/www.medellin.gov.co\/es\/wp-json\/wp\/v2\/types\/post"}],"author":[{"embeddable":true,"href":"https:\/\/www.medellin.gov.co\/es\/wp-json\/wp\/v2\/users\/4"}],"replies":[{"embeddable":true,"href":"https:\/\/www.medellin.gov.co\/es\/wp-json\/wp\/v2\/comments?post=91713"}],"version-history":[{"count":1,"href":"https:\/\/www.medellin.gov.co\/es\/wp-json\/wp\/v2\/posts\/91713\/revisions"}],"predecessor-version":[{"id":91723,"href":"https:\/\/www.medellin.gov.co\/es\/wp-json\/wp\/v2\/posts\/91713\/revisions\/91723"}],"wp:featuredmedia":[{"embeddable":true,"href":"https:\/\/www.medellin.gov.co\/es\/wp-json\/wp\/v2\/media\/91714"}],"wp:attachment":[{"href":"https:\/\/www.medellin.gov.co\/es\/wp-json\/wp\/v2\/media?parent=91713"}],"wp:term":[{"taxonomy":"category","embeddable":true,"href":"https:\/\/www.medellin.gov.co\/es\/wp-json\/wp\/v2\/categories?post=91713"},{"taxonomy":"post_tag","embeddable":true,"href":"https:\/\/www.medellin.gov.co\/es\/wp-json\/wp\/v2\/tags?post=91713"},{"taxonomy":"formato_nota","embeddable":true,"href":"https:\/\/www.medellin.gov.co\/es\/wp-json\/wp\/v2\/formato_nota?post=91713"},{"taxonomy":"programas_tax","embeddable":true,"href":"https:\/\/www.medellin.gov.co\/es\/wp-json\/wp\/v2\/programas_tax?post=91713"}],"curies":[{"name":"wp","href":"https:\/\/api.w.org\/{rel}","templated":true}]}}