{"id":92047,"date":"2022-08-31T22:48:59","date_gmt":"2022-09-01T03:48:59","guid":{"rendered":"https:\/\/www.medellin.gov.co\/es\/?p=92047"},"modified":"2022-08-31T22:48:59","modified_gmt":"2022-09-01T03:48:59","slug":"parques-del-rio-norte-recibe-apoyo-internacional-para-su-ejecucion-por-parte-del-c40","status":"publish","type":"post","link":"https:\/\/www.medellin.gov.co\/es\/sala-de-prensa\/noticias\/parques-del-rio-norte-recibe-apoyo-internacional-para-su-ejecucion-por-parte-del-c40\/","title":{"rendered":"Parques del R\u00edo Norte recibe apoyo internacional para su ejecuci\u00f3n por parte del C40"},"content":{"rendered":"<ul>\n<li>Parques del R\u00edo Norte le cambiar\u00e1 la cara a las comunas Popular y Santa Cruz y beneficiar\u00e1 a m\u00e1s de 390.000 personas.<\/li>\n<li>El C40 Cities (Grupo de Liderazgo Clim\u00e1tico) y la GIZ (Sociedad Alemana de Cooperaci\u00f3n Internacional) ponen sus ojos en la obra por su aporte a la conservaci\u00f3n del medioambiente.<\/li>\n<li>La alianza internacional qued\u00f3 sellada con la firma de un Memorando de Entendimiento (MOU) entre el Distrito de Medell\u00edn, el C40 y la GIZ.<\/li>\n<\/ul>\n<!--[if lt IE 9]><script>document.createElement('audio');<\/script><![endif]-->\n\t<div class=\"wp-playlist wp-audio-playlist wp-playlist-light\">\n\t\t\t<div class=\"wp-playlist-current-item\"><\/div>\n\t\t<audio controls=\"controls\" preload=\"none\" width=\"640\"\n\t\t\t><\/audio>\n\t<div class=\"wp-playlist-next\"><\/div>\n\t<div class=\"wp-playlist-prev\"><\/div>\n\t<noscript>\n\t<ol>\n\t\t<li><a href='https:\/\/www.medellin.gov.co\/es\/wp-content\/uploads\/2022\/08\/Alcalde-Parques-del-Rio-Norte-01.mp3'>Palabras de Daniel Quintero Calle, alcalde de Medell\u00edn<\/a><\/li><li><a href='https:\/\/www.medellin.gov.co\/es\/wp-content\/uploads\/2022\/08\/Parques-del-Rio-Norte-02.mp3'>Palabras de Cristina Argudo, vicedirectora regional interina para Am\u00e9rica Latina del C40<\/a><\/li><li><a href='https:\/\/www.medellin.gov.co\/es\/wp-content\/uploads\/2022\/08\/Parques-del-Rio-Norte-03.mp3'>Palabras de Natalia Urrego Arias, secretaria de Infraestructura F\u00edsica<\/a><\/li>\t<\/ol>\n\t<\/noscript>\n\t<script type=\"application\/json\" class=\"wp-playlist-script\">{\"type\":\"audio\",\"tracklist\":true,\"tracknumbers\":true,\"images\":true,\"artists\":true,\"tracks\":[{\"src\":\"https:\\\/\\\/www.medellin.gov.co\\\/es\\\/wp-content\\\/uploads\\\/2022\\\/08\\\/Alcalde-Parques-del-Rio-Norte-01.mp3\",\"type\":\"audio\\\/mpeg\",\"title\":\"Palabras de Daniel Quintero Calle, alcalde de Medell\\u00edn\",\"caption\":\"\",\"description\":\"\\u00abPalabras de Daniel Quintero Calle, alcalde de Medell\\u00edn\\u00bb.\",\"meta\":{\"year\":\"2022\",\"length_formatted\":\"2:40\"},\"image\":{\"src\":\"https:\\\/\\\/www.medellin.gov.co\\\/es\\\/wp-includes\\\/images\\\/media\\\/audio.png\",\"width\":48,\"height\":64},\"thumb\":{\"src\":\"https:\\\/\\\/www.medellin.gov.co\\\/es\\\/wp-includes\\\/images\\\/media\\\/audio.png\",\"width\":48,\"height\":64}},{\"src\":\"https:\\\/\\\/www.medellin.gov.co\\\/es\\\/wp-content\\\/uploads\\\/2022\\\/08\\\/Parques-del-Rio-Norte-02.mp3\",\"type\":\"audio\\\/mpeg\",\"title\":\"Palabras de Cristina Argudo, vicedirectora regional interina para Am\\u00e9rica Latina del C40\",\"caption\":\"\",\"description\":\"\\u00abPalabras de Cristina Argudo, vicedirectora regional interina para Am\\u00e9rica Latina del C40\\u00bb.\",\"meta\":{\"year\":\"2022\",\"length_formatted\":\"7:24\"},\"image\":{\"src\":\"https:\\\/\\\/www.medellin.gov.co\\\/es\\\/wp-includes\\\/images\\\/media\\\/audio.png\",\"width\":48,\"height\":64},\"thumb\":{\"src\":\"https:\\\/\\\/www.medellin.gov.co\\\/es\\\/wp-includes\\\/images\\\/media\\\/audio.png\",\"width\":48,\"height\":64}},{\"src\":\"https:\\\/\\\/www.medellin.gov.co\\\/es\\\/wp-content\\\/uploads\\\/2022\\\/08\\\/Parques-del-Rio-Norte-03.mp3\",\"type\":\"audio\\\/mpeg\",\"title\":\"Palabras de Natalia Urrego Arias, secretaria de Infraestructura F\\u00edsica\",\"caption\":\"\",\"description\":\"\\u00abPalabras de Natalia Urrego Arias, secretaria de Infraestructura F\\u00edsica\\u00bb.\",\"meta\":{\"year\":\"2022\",\"length_formatted\":\"1:26\"},\"image\":{\"src\":\"https:\\\/\\\/www.medellin.gov.co\\\/es\\\/wp-includes\\\/images\\\/media\\\/audio.png\",\"width\":48,\"height\":64},\"thumb\":{\"src\":\"https:\\\/\\\/www.medellin.gov.co\\\/es\\\/wp-includes\\\/images\\\/media\\\/audio.png\",\"width\":48,\"height\":64}}]}<\/script>\n<\/div>\n\t\n<p>El proyecto Parques del R\u00edo Norte, uno de los m\u00e1s importantes dentro del Plan de Desarrollo Medell\u00edn Futuro, recibir\u00e1 cooperaci\u00f3n internacional para su ejecuci\u00f3n. El C40 Cities (Grupo de Liderazgo Clim\u00e1tico) y la GIZ (Sociedad Alemana de Cooperaci\u00f3n Internacional) pusieron sus ojos en esta obra por considerarla un referente urban\u00edstico que no solo mejorar\u00e1 la calidad de vida de las personas, sino que aportar\u00e1 a la sostenibilidad y conservaci\u00f3n del medio ambiente.<\/p>\n<p>La alianza internacional qued\u00f3 sellada con la firma de un Memorando de Entendimiento (MOU) entre el alcalde Daniel Quintero Calle y los representantes de C40 y GIZ. El acuerdo permitir\u00e1 un acompa\u00f1amiento t\u00e9cnico para todo el proyecto y el apoyo a Medell\u00edn en la consecuci\u00f3n de recursos econ\u00f3micos para su financiaci\u00f3n.<\/p>\n<p>\u201c<em>Nuestro Plan de Desarrollo le apuesta a una visi\u00f3n y Medell\u00edn diferente, la del futuro, que es un ejercicio de resistencia a los procesos que llevaron a convertirnos en la ciudad de no futuro. Este espacio no solo crear\u00e1 300.000 metros cuadrados de espacios verdes, ser\u00e1 un espacio de encuentro para acabar por fin con todas las guerras, reconocernos de nuevo como hermanos y concentrarnos todos unidos de la mano en sacar a Medell\u00edn adelante<\/em>\u201d, expres\u00f3 el mandatario Daniel Quintero Calle.<\/p>\n<div id=\"attachment_92068\" style=\"width: 1034px\" class=\"wp-caption alignnone\"><a href=\"https:\/\/www.medellin.gov.co\/es\/wp-content\/uploads\/2022\/08\/Parques-del-Rio-Norte-2.jpg\" target=\"_blank\" rel=\"noopener\"><img aria-describedby=\"caption-attachment-92068\" loading=\"lazy\" class=\"wp-image-92068 size-full\" title=\"Parques del R\u00edo Norte\" src=\"https:\/\/www.medellin.gov.co\/es\/wp-content\/uploads\/2022\/08\/Parques-del-Rio-Norte-2.jpg\" alt=\"Parques del R\u00edo Norte\" width=\"1024\" height=\"573\" srcset=\"https:\/\/www.medellin.gov.co\/es\/wp-content\/uploads\/2022\/08\/Parques-del-Rio-Norte-2.jpg 1024w, https:\/\/www.medellin.gov.co\/es\/wp-content\/uploads\/2022\/08\/Parques-del-Rio-Norte-2-300x168.jpg 300w, https:\/\/www.medellin.gov.co\/es\/wp-content\/uploads\/2022\/08\/Parques-del-Rio-Norte-2-150x84.jpg 150w, https:\/\/www.medellin.gov.co\/es\/wp-content\/uploads\/2022\/08\/Parques-del-Rio-Norte-2-768x430.jpg 768w\" sizes=\"(max-width: 1024px) 100vw, 1024px\" \/><\/a><p id=\"caption-attachment-92068\" class=\"wp-caption-text\">Parques del R\u00edo Norte &#8211; Foto Alcald\u00eda de Medell\u00edn<\/p><\/div>\n<p>Este acuerdo es posible gracias al Mecanismo de Financiaci\u00f3n de las Ciudades (CFF), programa costeado por los gobiernos de Alemania, Reino Unido y Francia, y ejecutado conjuntamente por el C40 y la GIZ. En abril de 2021 se abri\u00f3 la convocatoria para apoyar a ciudades de \u00c1frica, Asia y Am\u00e9rica Latina para movilizar financiaci\u00f3n para proyectos de mitigaci\u00f3n y adaptaci\u00f3n al cambio clim\u00e1tico. Al igual que Medell\u00edn, R\u00edo de Janeiro (Brasil), San Salvador (El Salvador), Lima (Per\u00fa) y Bogot\u00e1, fueron otras urbes beneficiadas.<\/p>\n<p>\u201c<em>Medell\u00edn es un claro ejemplo de c\u00f3mo las ciudades est\u00e1n liderando a nivel regional una respuesta inclusiva e innovadora frente a la emergencia clim\u00e1tica y las otras crisis que hemos tenido que vivir durante estos a\u00f1os como la pandemia de Covid-19. Esto se evidencia con el rol clave de la ciudad como representante regional en el grupo de trabajo de alcaldes para una recuperaci\u00f3n verde y justa<\/em>\u201d, se\u00f1al\u00f3 la vicedirectora regional interina para Am\u00e9rica Latina del C40, Cristina Argudo.<\/p>\n<p>Esta colaboraci\u00f3n tendr\u00e1 algunos puntos de trabajo importantes como el apoyo en el desarrollo t\u00e9cnico y la evaluaci\u00f3n tecnol\u00f3gica del proyecto; la creaci\u00f3n de modelos de negocio y estructuras de financiaci\u00f3n; y el respaldo para acceder a recursos internacionales. Adem\u00e1s, se abre un intercambio de aprendizajes con otras ciudades del mundo frente a los retos en materia de infraestructura que le hacen frente al cambio clim\u00e1tico.<\/p>\n<div id=\"attachment_92069\" style=\"width: 1034px\" class=\"wp-caption alignnone\"><a href=\"https:\/\/www.medellin.gov.co\/es\/wp-content\/uploads\/2022\/08\/Parques-del-Rio-Norte-3.jpg\" target=\"_blank\" rel=\"noopener\"><img aria-describedby=\"caption-attachment-92069\" loading=\"lazy\" class=\"wp-image-92069 size-full\" title=\"Parques del R\u00edo Norte\" src=\"https:\/\/www.medellin.gov.co\/es\/wp-content\/uploads\/2022\/08\/Parques-del-Rio-Norte-3.jpg\" alt=\"Parques del R\u00edo Norte\" width=\"1024\" height=\"570\" srcset=\"https:\/\/www.medellin.gov.co\/es\/wp-content\/uploads\/2022\/08\/Parques-del-Rio-Norte-3.jpg 1024w, https:\/\/www.medellin.gov.co\/es\/wp-content\/uploads\/2022\/08\/Parques-del-Rio-Norte-3-300x167.jpg 300w, https:\/\/www.medellin.gov.co\/es\/wp-content\/uploads\/2022\/08\/Parques-del-Rio-Norte-3-150x83.jpg 150w, https:\/\/www.medellin.gov.co\/es\/wp-content\/uploads\/2022\/08\/Parques-del-Rio-Norte-3-768x428.jpg 768w\" sizes=\"(max-width: 1024px) 100vw, 1024px\" \/><\/a><p id=\"caption-attachment-92069\" class=\"wp-caption-text\">Parques del R\u00edo Norte &#8211; Foto Alcald\u00eda de Medell\u00edn<\/p><\/div>\n<p>Actualmente, para la ejecuci\u00f3n del Parques del R\u00edo Norte, el Distrito avanza en la gesti\u00f3n predial (43 %) y ambiental (14 %) necesaria para una primera fase de la obra, la cual permitir\u00e1 la construcci\u00f3n de 70.000 metros cuadrados de espacio p\u00fablico. Se espera que los trabajos f\u00edsicos comiencen en los primeros d\u00edas de 2023 e incluir\u00e1n la adecuaci\u00f3n de zonas verdes, la construcci\u00f3n de ciclorrutas, la instalaci\u00f3n de urbanismo y la construcci\u00f3n de senderos peatonales. Para esta primera etapa se tiene prevista una inversi\u00f3n superior a los $62.700 millones.<\/p>\n<p>\u201c<em>Parques del R\u00edo Norte ser\u00e1 una obra que lleve oportunidades, calidad de vida y desarrollo a quienes habitan en esa zona. Estamos ultimando detalles de dise\u00f1o para sacar a contrataci\u00f3n el primer pol\u00edgono de esta primera etapa, que ser\u00e1 de 26.000 metros cuadrados aproximadamente. Recibir la confianza de actores internacionales tan importantes y calificados, nos muestra que estamos haciendo las cosas bien y que vamos por el camino correcto para hacer de Medell\u00edn una Ecociudad<\/em>\u201d, agreg\u00f3 la secretaria de Infraestructura F\u00edsica, Natalia Urrego Arias.<\/p>\n<p>Parques del R\u00edo Norte beneficiar\u00e1 a m\u00e1s de 390.000 personas y transformar\u00e1 las comunas 1 (Popular) y 2 (Santa Cruz), que integran uno de los sectores con mayor densidad poblacional de Latinoam\u00e9rica. All\u00ed, el \u00edndice actual de espacio p\u00fablico por habitante es de 1.5 metros cuadrados, cifra que dista de los 15 metros cuadrados que recomienda la Organizaci\u00f3n Mundial de la Salud (OMS).<\/p>\n","protected":false},"excerpt":{"rendered":"<p>Parques del R\u00edo Norte le cambiar\u00e1 la cara a las comunas Popular y Santa Cruz y beneficiar\u00e1 a m\u00e1s de 390.000 personas. El C40 Cities (Grupo de Liderazgo Clim\u00e1tico) y la GIZ (Sociedad Alemana de &#8230;<\/p>\n","protected":false},"author":21,"featured_media":92067,"comment_status":"open","ping_status":"open","sticky":false,"template":"","format":"standard","meta":[],"categories":[11],"tags":[442],"formato_nota":[],"programas_tax":[],"acf":[],"_links":{"self":[{"href":"https:\/\/www.medellin.gov.co\/es\/wp-json\/wp\/v2\/posts\/92047"}],"collection":[{"href":"https:\/\/www.medellin.gov.co\/es\/wp-json\/wp\/v2\/posts"}],"about":[{"href":"https:\/\/www.medellin.gov.co\/es\/wp-json\/wp\/v2\/types\/post"}],"author":[{"embeddable":true,"href":"https:\/\/www.medellin.gov.co\/es\/wp-json\/wp\/v2\/users\/21"}],"replies":[{"embeddable":true,"href":"https:\/\/www.medellin.gov.co\/es\/wp-json\/wp\/v2\/comments?post=92047"}],"version-history":[{"count":1,"href":"https:\/\/www.medellin.gov.co\/es\/wp-json\/wp\/v2\/posts\/92047\/revisions"}],"predecessor-version":[{"id":92085,"href":"https:\/\/www.medellin.gov.co\/es\/wp-json\/wp\/v2\/posts\/92047\/revisions\/92085"}],"wp:featuredmedia":[{"embeddable":true,"href":"https:\/\/www.medellin.gov.co\/es\/wp-json\/wp\/v2\/media\/92067"}],"wp:attachment":[{"href":"https:\/\/www.medellin.gov.co\/es\/wp-json\/wp\/v2\/media?parent=92047"}],"wp:term":[{"taxonomy":"category","embeddable":true,"href":"https:\/\/www.medellin.gov.co\/es\/wp-json\/wp\/v2\/categories?post=92047"},{"taxonomy":"post_tag","embeddable":true,"href":"https:\/\/www.medellin.gov.co\/es\/wp-json\/wp\/v2\/tags?post=92047"},{"taxonomy":"formato_nota","embeddable":true,"href":"https:\/\/www.medellin.gov.co\/es\/wp-json\/wp\/v2\/formato_nota?post=92047"},{"taxonomy":"programas_tax","embeddable":true,"href":"https:\/\/www.medellin.gov.co\/es\/wp-json\/wp\/v2\/programas_tax?post=92047"}],"curies":[{"name":"wp","href":"https:\/\/api.w.org\/{rel}","templated":true}]}}