{"id":92087,"date":"2022-08-31T22:53:16","date_gmt":"2022-09-01T03:53:16","guid":{"rendered":"https:\/\/www.medellin.gov.co\/es\/?p=92087"},"modified":"2022-08-31T22:53:16","modified_gmt":"2022-09-01T03:53:16","slug":"la-alcaldia-de-medellin-acompana-a-las-organizaciones-sociales-en-la-conmemoracion-de-los-35-anos-del-mes-por-la-paz","status":"publish","type":"post","link":"https:\/\/www.medellin.gov.co\/es\/sala-de-prensa\/noticias\/la-alcaldia-de-medellin-acompana-a-las-organizaciones-sociales-en-la-conmemoracion-de-los-35-anos-del-mes-por-la-paz\/","title":{"rendered":"La Alcald\u00eda de Medell\u00edn acompa\u00f1a a las organizaciones sociales en la conmemoraci\u00f3n de los 35 a\u00f1os del Mes por la Paz"},"content":{"rendered":"<ul>\n<li>La agenda contar\u00e1 con recorridos por la memoria de los barrios, encuentros y talleres para hablar de los derechos humanos.<\/li>\n<li>Este a\u00f1o, la agenda del Mes por la Paz gira en torno a la difusi\u00f3n y socializaci\u00f3n del informe final de la Comisi\u00f3n de la Verdad.<\/li>\n<li>Las organizaciones sociales radicar\u00e1n un proyecto en el Concejo para que el Mes por la Paz se celebre por acuerdo municipal.<\/li>\n<\/ul>\n<!--[if lt IE 9]><script>document.createElement('audio');<\/script><![endif]-->\n\t<div class=\"wp-playlist wp-audio-playlist wp-playlist-light\">\n\t\t\t<div class=\"wp-playlist-current-item\"><\/div>\n\t\t<audio controls=\"controls\" preload=\"none\" width=\"640\"\n\t\t\t><\/audio>\n\t<div class=\"wp-playlist-next\"><\/div>\n\t<div class=\"wp-playlist-prev\"><\/div>\n\t<noscript>\n\t<ol>\n\t\t<li><a href='https:\/\/www.medellin.gov.co\/es\/wp-content\/uploads\/2022\/08\/Mes-por-la-Paz-01.mp3'>Palabras de Carolina Saldarriaga, subsecretar\u00eda de Construcci\u00f3n de Paz Territorial<\/a><\/li><li><a href='https:\/\/www.medellin.gov.co\/es\/wp-content\/uploads\/2022\/08\/Mes-por-la-Paz-02.mp3'>Palabras de Jhon Fernando Mesa, integrante del Concejo Municipal de Paz, Reconciliaci\u00f3n y Convivencia<\/a><\/li>\t<\/ol>\n\t<\/noscript>\n\t<script type=\"application\/json\" class=\"wp-playlist-script\">{\"type\":\"audio\",\"tracklist\":true,\"tracknumbers\":true,\"images\":true,\"artists\":true,\"tracks\":[{\"src\":\"https:\\\/\\\/www.medellin.gov.co\\\/es\\\/wp-content\\\/uploads\\\/2022\\\/08\\\/Mes-por-la-Paz-01.mp3\",\"type\":\"audio\\\/mpeg\",\"title\":\"Palabras de Carolina Saldarriaga, subsecretar\\u00eda de Construcci\\u00f3n de Paz Territorial\",\"caption\":\"\",\"description\":\"\\u00abPalabras de Carolina Saldarriaga, subsecretar\\u00eda de Construcci\\u00f3n de Paz Territorial\\u00bb. \",\"meta\":{\"year\":\"2022\",\"length_formatted\":\"0:40\"},\"image\":{\"src\":\"https:\\\/\\\/www.medellin.gov.co\\\/es\\\/wp-includes\\\/images\\\/media\\\/audio.png\",\"width\":48,\"height\":64},\"thumb\":{\"src\":\"https:\\\/\\\/www.medellin.gov.co\\\/es\\\/wp-includes\\\/images\\\/media\\\/audio.png\",\"width\":48,\"height\":64}},{\"src\":\"https:\\\/\\\/www.medellin.gov.co\\\/es\\\/wp-content\\\/uploads\\\/2022\\\/08\\\/Mes-por-la-Paz-02.mp3\",\"type\":\"audio\\\/mpeg\",\"title\":\"Palabras de Jhon Fernando Mesa, integrante del Concejo Municipal de Paz, Reconciliaci\\u00f3n y Convivencia\",\"caption\":\"\",\"description\":\"\\u00abPalabras de Jhon Fernando Mesa, integrante del Concejo Municipal de Paz, Reconciliaci\\u00f3n y Convivencia\\u00bb. Lanzamiento: 2022.\",\"meta\":{\"year\":\"2022\",\"length_formatted\":\"0:48\"},\"image\":{\"src\":\"https:\\\/\\\/www.medellin.gov.co\\\/es\\\/wp-includes\\\/images\\\/media\\\/audio.png\",\"width\":48,\"height\":64},\"thumb\":{\"src\":\"https:\\\/\\\/www.medellin.gov.co\\\/es\\\/wp-includes\\\/images\\\/media\\\/audio.png\",\"width\":48,\"height\":64}}]}<\/script>\n<\/div>\n\t\n<p>Con m\u00e1s de 87 actividades culturales, art\u00edsticas, acad\u00e9micas y una agenda organizada por 80 organizaciones sociales, instituciones, colectivos ciudadanos y apoyada por la Administraci\u00f3n Distrital, Medell\u00edn y Antioquia celebran los 35 a\u00f1os del Mes por la Paz, una conmemoraci\u00f3n que hace visibles las iniciativas territoriales y el compromiso ciudadano en la construcci\u00f3n de paz.<\/p>\n<p>La Alcald\u00eda de Medell\u00edn se suma a estas actividades, que ir\u00e1n hasta el 4 de octubre, con programaci\u00f3n de invitados, charlas pedag\u00f3gicas sobre la construcci\u00f3n de paz, acompa\u00f1amiento territorial y estrategias comunicativas y de difusi\u00f3n. Este a\u00f1o, la agenda del Mes por la Paz gira en torno a la promoci\u00f3n del Informe de la Comisi\u00f3n de la Verdad, documento que se ha convertido en una herramienta de pedagog\u00eda y memoria sobre la historia del conflicto armado colombiano.<\/p>\n<p>\u201c<em>Queremos reconocer las propuestas y los procesos de base en Medell\u00edn que le aportan a esa hoja de ruta por consolidar un movimiento social por la paz. Les invitamos a que se unan a estas actividades para generar compromisos y reconocimiento de las apuestas sectoriales y pol\u00edticas hasta que la paz se haga territorial<\/em>\u201d, dijo la subsecretar\u00eda de Construcci\u00f3n de Paz Territorial, Carolina Saldarriaga.<\/p>\n<p>La agenda contar\u00e1 con recorridos por la memoria de los barrios, encuentros y talleres para hablar de los derechos humanos, plantones, conversatorios, conferencias e intervenciones culturales y art\u00edsticas que tienen relevancia en la ciudad y se han consolidado como un trabajo necesario para llegar a la paz total de Medell\u00edn y sus territorios.<\/p>\n<p>El 2 de septiembre se realizar\u00e1 el conversatorio \u2018Hablemos de Justicia Restaurativa y su aplicaci\u00f3n en lo urbano\u2019 en los contenedores del Museo Casa de la Memoria, a las 4:30 p. m., con entrada libre y transmisi\u00f3n en vivo por las redes del @museocadadelamemoria.med y la @secretarianoviolencia.<\/p>\n<div id=\"attachment_92081\" style=\"width: 1034px\" class=\"wp-caption alignnone\"><a href=\"https:\/\/www.medellin.gov.co\/es\/wp-content\/uploads\/2022\/08\/Mes-por-la-Paz-2.jpeg\" target=\"_blank\" rel=\"noopener\"><img aria-describedby=\"caption-attachment-92081\" loading=\"lazy\" class=\"wp-image-92081 size-large\" title=\"Alcald\u00eda de Medell\u00edn pide reforzar la b\u00fasqueda de Leidi Andrea Restrepo\" src=\"https:\/\/www.medellin.gov.co\/es\/wp-content\/uploads\/2022\/08\/Mes-por-la-Paz-2-1024x682.jpeg\" alt=\"Alcald\u00eda de Medell\u00edn pide reforzar la b\u00fasqueda de Leidi Andrea Restrepo\" width=\"1024\" height=\"682\" srcset=\"https:\/\/www.medellin.gov.co\/es\/wp-content\/uploads\/2022\/08\/Mes-por-la-Paz-2-1024x682.jpeg 1024w, https:\/\/www.medellin.gov.co\/es\/wp-content\/uploads\/2022\/08\/Mes-por-la-Paz-2-300x200.jpeg 300w, https:\/\/www.medellin.gov.co\/es\/wp-content\/uploads\/2022\/08\/Mes-por-la-Paz-2-150x100.jpeg 150w, https:\/\/www.medellin.gov.co\/es\/wp-content\/uploads\/2022\/08\/Mes-por-la-Paz-2-768x512.jpeg 768w, https:\/\/www.medellin.gov.co\/es\/wp-content\/uploads\/2022\/08\/Mes-por-la-Paz-2.jpeg 1280w\" sizes=\"(max-width: 1024px) 100vw, 1024px\" \/><\/a><p id=\"caption-attachment-92081\" class=\"wp-caption-text\">35 a\u00f1os del Mes por la Paz &#8211; Foto Alcald\u00eda de Medell\u00edn<\/p><\/div>\n<p>El 9 de septiembre se conmemorar\u00e1 el D\u00eda Internacional de los Derechos Humanos con varias charlas gratuitas en la Instituci\u00f3n Educativa Fe y Alegr\u00eda, a las 9:30 a. m., y en el Centro de Cultura de Confiar, a las 10:00 a. m. Adem\u00e1s, se realizar\u00e1 un grafiti por la paz y la verdad en el Aula Ambiental Finca La Mesa.<\/p>\n<p>La programaci\u00f3n continuar\u00e1 el 21 de septiembre, el D\u00eda Internacional de la Paz, en el que se har\u00e1n varios encuentros por la paz, desde las 8:00 a. m., en los sectores de Eduardo Santos, los corregimientos de San F\u00e9lix, Granizal (Bello) y el pasaje Cervantes del Centro. Todos con ingreso libre para la comunidad.<\/p>\n<p>\u201c<em>El Mes por la Paz es un espacio importante porque la ciudadan\u00eda, lo gubernamental, lo religioso y lo educativo se juntan para pensar y reflexionar sobre lo que puede ser esa paz que tanto necesita la ciudad, el departamento y el pa\u00eds.\u00a0 Por eso nos reunimos para mirar c\u00f3mo, de una u otra forma, se pueden hacer actividades en torno a esa paz territorial\u201d,<\/em> agreg\u00f3 el integrante del Concejo Municipal de Paz, Reconciliaci\u00f3n y Convivencia, Jhon Fernando Mesa.<\/p>\n<p>El 22 de septiembre, a las 10:00 a. m., las organizaciones sociales convocar\u00e1n a las personas para que asistan a las instalaciones del Concejo Municipal a la radicaci\u00f3n de un proyecto de acuerdo para proponer la celebraci\u00f3n del Mes por la Paz como un evento que llegue a todos los territorios.<\/p>\n<p>La agenda completa de los dem\u00e1s d\u00edas estar\u00e1 disponible en las redes sociales de secretar\u00eda de la No-Violencia, @secretarianoviolencia y RedePaz Antioquia @redepazant.<\/p>\n","protected":false},"excerpt":{"rendered":"<p>La agenda contar\u00e1 con recorridos por la memoria de los barrios, encuentros y talleres para hablar de los derechos humanos. Este a\u00f1o, la agenda del Mes por la Paz gira en torno a la difusi\u00f3n &#8230;<\/p>\n","protected":false},"author":21,"featured_media":92080,"comment_status":"open","ping_status":"open","sticky":false,"template":"","format":"standard","meta":[],"categories":[20],"tags":[619],"formato_nota":[],"programas_tax":[],"acf":[],"_links":{"self":[{"href":"https:\/\/www.medellin.gov.co\/es\/wp-json\/wp\/v2\/posts\/92087"}],"collection":[{"href":"https:\/\/www.medellin.gov.co\/es\/wp-json\/wp\/v2\/posts"}],"about":[{"href":"https:\/\/www.medellin.gov.co\/es\/wp-json\/wp\/v2\/types\/post"}],"author":[{"embeddable":true,"href":"https:\/\/www.medellin.gov.co\/es\/wp-json\/wp\/v2\/users\/21"}],"replies":[{"embeddable":true,"href":"https:\/\/www.medellin.gov.co\/es\/wp-json\/wp\/v2\/comments?post=92087"}],"version-history":[{"count":1,"href":"https:\/\/www.medellin.gov.co\/es\/wp-json\/wp\/v2\/posts\/92087\/revisions"}],"predecessor-version":[{"id":92088,"href":"https:\/\/www.medellin.gov.co\/es\/wp-json\/wp\/v2\/posts\/92087\/revisions\/92088"}],"wp:featuredmedia":[{"embeddable":true,"href":"https:\/\/www.medellin.gov.co\/es\/wp-json\/wp\/v2\/media\/92080"}],"wp:attachment":[{"href":"https:\/\/www.medellin.gov.co\/es\/wp-json\/wp\/v2\/media?parent=92087"}],"wp:term":[{"taxonomy":"category","embeddable":true,"href":"https:\/\/www.medellin.gov.co\/es\/wp-json\/wp\/v2\/categories?post=92087"},{"taxonomy":"post_tag","embeddable":true,"href":"https:\/\/www.medellin.gov.co\/es\/wp-json\/wp\/v2\/tags?post=92087"},{"taxonomy":"formato_nota","embeddable":true,"href":"https:\/\/www.medellin.gov.co\/es\/wp-json\/wp\/v2\/formato_nota?post=92087"},{"taxonomy":"programas_tax","embeddable":true,"href":"https:\/\/www.medellin.gov.co\/es\/wp-json\/wp\/v2\/programas_tax?post=92087"}],"curies":[{"name":"wp","href":"https:\/\/api.w.org\/{rel}","templated":true}]}}