{"id":93578,"date":"2022-09-02T10:48:47","date_gmt":"2022-09-02T15:48:47","guid":{"rendered":"https:\/\/www.medellin.gov.co\/es\/?p=93578"},"modified":"2022-09-02T10:48:47","modified_gmt":"2022-09-02T15:48:47","slug":"40-jovenes-de-la-comunidad-maker-compartieron-sus-conocimientos-en-tecnologias-4-0-con-silleteros-de-santa-elena","status":"publish","type":"post","link":"https:\/\/www.medellin.gov.co\/es\/sala-de-prensa\/noticias\/40-jovenes-de-la-comunidad-maker-compartieron-sus-conocimientos-en-tecnologias-4-0-con-silleteros-de-santa-elena\/","title":{"rendered":"40 j\u00f3venes de la comunidad maker compartieron sus conocimientos en tecnolog\u00edas 4.0 con silleteros de Santa Elena"},"content":{"rendered":"<ul>\n<li>Se trata de hombres y mujeres que ponen ideas en com\u00fan, usan herramientas tecnol\u00f3gicas y aprenden a trav\u00e9s de lo que hacen.<\/li>\n<li>La visita a los campesinos de la finca \u2018La Casa de las Flores\u2019 incluy\u00f3 sensibilizaci\u00f3n en impresi\u00f3n 3D, Internet de las Cosas, drones y realidad virtual.<\/li>\n<li>La Administraci\u00f3n Distrital le apuesta a mejorar la automatizaci\u00f3n y optimizaci\u00f3n de actividades de riego en los corregimientos.<\/li>\n<\/ul>\n<!--[if lt IE 9]><script>document.createElement('audio');<\/script><![endif]-->\n\t<div class=\"wp-playlist wp-audio-playlist wp-playlist-light\">\n\t\t\t<div class=\"wp-playlist-current-item\"><\/div>\n\t\t<audio controls=\"controls\" preload=\"none\" width=\"640\"\n\t\t\t><\/audio>\n\t<div class=\"wp-playlist-next\"><\/div>\n\t<div class=\"wp-playlist-prev\"><\/div>\n\t<noscript>\n\t<ol>\n\t\t<li><a href='https:\/\/www.medellin.gov.co\/es\/wp-content\/uploads\/2022\/09\/Tecnologias-con-Silleteros-01.mp3'>Palabras de Alejandro Arias Garc\u00eda, secretario de Desarrollo Econ\u00f3mico<\/a><\/li><li><a href='https:\/\/www.medellin.gov.co\/es\/wp-content\/uploads\/2022\/09\/Tecnologias-con-Silleteros-02.mp3'>Palabras de Mary Luz Garc\u00eda, estudiante de mecatr\u00f3nica en la Instituci\u00f3n Universitaria Pascual Bravo<\/a><\/li><li><a href='https:\/\/www.medellin.gov.co\/es\/wp-content\/uploads\/2022\/09\/Tecnologias-con-Silleteros-03.mp3'>Palabras de Jos\u00e9 Ignacio Rico, silletero de Santa Elena<\/a><\/li>\t<\/ol>\n\t<\/noscript>\n\t<script type=\"application\/json\" class=\"wp-playlist-script\">{\"type\":\"audio\",\"tracklist\":true,\"tracknumbers\":true,\"images\":true,\"artists\":true,\"tracks\":[{\"src\":\"https:\\\/\\\/www.medellin.gov.co\\\/es\\\/wp-content\\\/uploads\\\/2022\\\/09\\\/Tecnologias-con-Silleteros-01.mp3\",\"type\":\"audio\\\/mpeg\",\"title\":\"Palabras de Alejandro Arias Garc\\u00eda, secretario de Desarrollo Econ\\u00f3mico\",\"caption\":\"\",\"description\":\"\\u00abPalabras de Alejandro Arias Garc\\u00eda, secretario de Desarrollo Econ\\u00f3mico\\u00bb.\",\"meta\":{\"length_formatted\":\"0:40\"},\"image\":{\"src\":\"https:\\\/\\\/www.medellin.gov.co\\\/es\\\/wp-includes\\\/images\\\/media\\\/audio.png\",\"width\":48,\"height\":64},\"thumb\":{\"src\":\"https:\\\/\\\/www.medellin.gov.co\\\/es\\\/wp-includes\\\/images\\\/media\\\/audio.png\",\"width\":48,\"height\":64}},{\"src\":\"https:\\\/\\\/www.medellin.gov.co\\\/es\\\/wp-content\\\/uploads\\\/2022\\\/09\\\/Tecnologias-con-Silleteros-02.mp3\",\"type\":\"audio\\\/mpeg\",\"title\":\"Palabras de Mary Luz Garc\\u00eda, estudiante de mecatr\\u00f3nica en la Instituci\\u00f3n Universitaria Pascual Bravo\",\"caption\":\"\",\"description\":\"\\u00abPalabras de Mary Luz Garc\\u00eda, estudiante de mecatr\\u00f3nica en la Instituci\\u00f3n Universitaria Pascual Bravo\\u00bb.\",\"meta\":{\"length_formatted\":\"0:39\"},\"image\":{\"src\":\"https:\\\/\\\/www.medellin.gov.co\\\/es\\\/wp-includes\\\/images\\\/media\\\/audio.png\",\"width\":48,\"height\":64},\"thumb\":{\"src\":\"https:\\\/\\\/www.medellin.gov.co\\\/es\\\/wp-includes\\\/images\\\/media\\\/audio.png\",\"width\":48,\"height\":64}},{\"src\":\"https:\\\/\\\/www.medellin.gov.co\\\/es\\\/wp-content\\\/uploads\\\/2022\\\/09\\\/Tecnologias-con-Silleteros-03.mp3\",\"type\":\"audio\\\/mpeg\",\"title\":\"Palabras de Jos\\u00e9 Ignacio Rico, silletero de Santa Elena\",\"caption\":\"\",\"description\":\"\\u00abPalabras de Jos\\u00e9 Ignacio Rico, silletero de Santa Elena\\u00bb.\",\"meta\":{\"length_formatted\":\"0:40\"},\"image\":{\"src\":\"https:\\\/\\\/www.medellin.gov.co\\\/es\\\/wp-includes\\\/images\\\/media\\\/audio.png\",\"width\":48,\"height\":64},\"thumb\":{\"src\":\"https:\\\/\\\/www.medellin.gov.co\\\/es\\\/wp-includes\\\/images\\\/media\\\/audio.png\",\"width\":48,\"height\":64}}]}<\/script>\n<\/div>\n\t\n<p>Con el objetivo de llevar nuevas oportunidades en ciencia, tecnolog\u00eda e innovaci\u00f3n a los territorios, incluidos los corregimientos, 40 j\u00f3venes de la comunidad maker de Medell\u00edn, que comparten ideas y usan herramientas tecnol\u00f3gicas, participaron en una jornada de intercambio y transferencia de conocimiento con un grupo de silleteros y floricultores de Santa Elena.<\/p>\n<p>Durante la visita, los floricultores de la finca \u2018La Casa de las Flores\u2019 vivieron una experiencia interactiva con impresi\u00f3n 3D, Internet de las Cosas, drones y realidad virtual. Adem\u00e1s, conocieron c\u00f3mo utilizar estos avances para mejorar sus actividades, desde el cultivo de las flores hasta la elaboraci\u00f3n de sus emblem\u00e1ticas silletas.<\/p>\n<p>\u201c<em>Esta interacci\u00f3n con nuestros silleteros y con nuestros campesinos rurales se realiza para encontrar oportunidades desde la Cuarta Revoluci\u00f3n Industrial que les permitan mejorar su productividad y conectividad. Por eso es muy importante poner a disposici\u00f3n el Valle del Software para todos nuestros campesinos, en este caso los silleteros, para que tengan mejores pr\u00e1cticas, para que realicen sus riegos automatizados usando tecnolog\u00eda<\/em>\u201d, afirm\u00f3 el secretario de Desarrollo Econ\u00f3mico, Alejandro Arias Garc\u00eda.<\/p>\n<div id=\"attachment_93332\" style=\"width: 1034px\" class=\"wp-caption alignnone\"><a href=\"https:\/\/www.medellin.gov.co\/es\/wp-content\/uploads\/2022\/09\/Tecnologias-con-Silleteros-2.jpg\" target=\"_blank\" rel=\"noopener\"><img aria-describedby=\"caption-attachment-93332\" loading=\"lazy\" class=\"wp-image-93332 size-full\" title=\"Tecnolog\u00edas 4.0 con silleteros de Santa Elena\" src=\"https:\/\/www.medellin.gov.co\/es\/wp-content\/uploads\/2022\/09\/Tecnologias-con-Silleteros-2.jpg\" alt=\"Tecnolog\u00edas 4.0 con silleteros de Santa Elena\" width=\"1024\" height=\"682\" srcset=\"https:\/\/www.medellin.gov.co\/es\/wp-content\/uploads\/2022\/09\/Tecnologias-con-Silleteros-2.jpg 1024w, https:\/\/www.medellin.gov.co\/es\/wp-content\/uploads\/2022\/09\/Tecnologias-con-Silleteros-2-300x200.jpg 300w, https:\/\/www.medellin.gov.co\/es\/wp-content\/uploads\/2022\/09\/Tecnologias-con-Silleteros-2-150x100.jpg 150w, https:\/\/www.medellin.gov.co\/es\/wp-content\/uploads\/2022\/09\/Tecnologias-con-Silleteros-2-768x512.jpg 768w\" sizes=\"(max-width: 1024px) 100vw, 1024px\" \/><\/a><p id=\"caption-attachment-93332\" class=\"wp-caption-text\">Tecnolog\u00edas 4.0 con silleteros de Santa Elena &#8211; Foto Alcald\u00eda de Medell\u00edn<\/p><\/div>\n<p>Este es uno de los esfuerzos distritales para consolidar a Medell\u00edn como un Valle del Software, en beneficio de agricultores y productores rurales a trav\u00e9s de la automatizaci\u00f3n de procesos, el mapeo de sus zonas de cultivo, la optimizaci\u00f3n de las actividades de riego y fertilizaci\u00f3n, y la construcci\u00f3n de estructuras base para mejorar la conservaci\u00f3n de los diferentes tipos de flores en las silletas.<\/p>\n<p>\u201c<em>Estas actividades son importantes para la articulaci\u00f3n del Valle del Software con los centros acad\u00e9micos, porque permite que lugares como el campo y la agricultura se vean beneficiados con toda la parte de la revoluci\u00f3n de las tecnolog\u00edas 4.0, ya que permiten que procesos, que pueden ser un poco arduos para los campesinos o para las personas que se encargan de estas labores, a trav\u00e9s de las tecnolog\u00edas se puede hacer una mejor automatizaci\u00f3n y recolecci\u00f3n de datos<\/em>\u201d, dijo Mary Luz Garc\u00eda, estudiante de mecatr\u00f3nica en la Instituci\u00f3n Universitaria Pascual Bravo.<\/p>\n<p>La comunidad maker est\u00e1 conformada por j\u00f3venes y adultos que, de forma colectiva, generan y apropian conocimientos sobre tecnolog\u00edas 4.0 aplicados a proyectos con potencial de impacto acad\u00e9mico, social y econ\u00f3mico.<\/p>\n<p>\u201c<em>Tuvimos un encuentro maravilloso donde estamos poniendo en di\u00e1logo la tradici\u00f3n y la innovaci\u00f3n, encontrando caminos para que a trav\u00e9s de las nuevas tecnolog\u00edas conservemos y preservemos nuestra historia, nuestra memoria, nuestro patrimonio, con nuevas soluciones y alternativas y que nos ayuden a superar los retos que nos trae la sociedad actual, y que, adem\u00e1s, pongamos a Medell\u00edn ante el mundo como una ciudad innovadora que conserva su historia, pero que se proyecta hacia el futuro<\/em>\u201d, agreg\u00f3 el silletero de Santa Elena, Jos\u00e9 Ignacio Rico.<\/p>\n<p>La apuesta de Medell\u00edn Valle del Software fortalece la ruralidad e impulsa la apropiaci\u00f3n de nuevas tecnolog\u00edas y procesos de innovaci\u00f3n al servicio de las actividades productivas de los corregimientos.<\/p>\n","protected":false},"excerpt":{"rendered":"<p>Se trata de hombres y mujeres que ponen ideas en com\u00fan, usan herramientas tecnol\u00f3gicas y aprenden a trav\u00e9s de lo que hacen. La visita a los campesinos de la finca \u2018La Casa de las Flores\u2019 &#8230;<\/p>\n","protected":false},"author":21,"featured_media":93340,"comment_status":"open","ping_status":"open","sticky":false,"template":"","format":"standard","meta":[],"categories":[31,3],"tags":[444],"formato_nota":[],"programas_tax":[],"acf":[],"_links":{"self":[{"href":"https:\/\/www.medellin.gov.co\/es\/wp-json\/wp\/v2\/posts\/93578"}],"collection":[{"href":"https:\/\/www.medellin.gov.co\/es\/wp-json\/wp\/v2\/posts"}],"about":[{"href":"https:\/\/www.medellin.gov.co\/es\/wp-json\/wp\/v2\/types\/post"}],"author":[{"embeddable":true,"href":"https:\/\/www.medellin.gov.co\/es\/wp-json\/wp\/v2\/users\/21"}],"replies":[{"embeddable":true,"href":"https:\/\/www.medellin.gov.co\/es\/wp-json\/wp\/v2\/comments?post=93578"}],"version-history":[{"count":1,"href":"https:\/\/www.medellin.gov.co\/es\/wp-json\/wp\/v2\/posts\/93578\/revisions"}],"predecessor-version":[{"id":93583,"href":"https:\/\/www.medellin.gov.co\/es\/wp-json\/wp\/v2\/posts\/93578\/revisions\/93583"}],"wp:featuredmedia":[{"embeddable":true,"href":"https:\/\/www.medellin.gov.co\/es\/wp-json\/wp\/v2\/media\/93340"}],"wp:attachment":[{"href":"https:\/\/www.medellin.gov.co\/es\/wp-json\/wp\/v2\/media?parent=93578"}],"wp:term":[{"taxonomy":"category","embeddable":true,"href":"https:\/\/www.medellin.gov.co\/es\/wp-json\/wp\/v2\/categories?post=93578"},{"taxonomy":"post_tag","embeddable":true,"href":"https:\/\/www.medellin.gov.co\/es\/wp-json\/wp\/v2\/tags?post=93578"},{"taxonomy":"formato_nota","embeddable":true,"href":"https:\/\/www.medellin.gov.co\/es\/wp-json\/wp\/v2\/formato_nota?post=93578"},{"taxonomy":"programas_tax","embeddable":true,"href":"https:\/\/www.medellin.gov.co\/es\/wp-json\/wp\/v2\/programas_tax?post=93578"}],"curies":[{"name":"wp","href":"https:\/\/api.w.org\/{rel}","templated":true}]}}