{"id":93585,"date":"2022-09-02T10:51:32","date_gmt":"2022-09-02T15:51:32","guid":{"rendered":"https:\/\/www.medellin.gov.co\/es\/?p=93585"},"modified":"2023-05-09T17:36:40","modified_gmt":"2023-05-09T22:36:40","slug":"31-230-personas-se-capacitaran-en-separacion-de-residuos-solidos-con-la-campana-tu-separas-yo-reciclo","status":"publish","type":"post","link":"https:\/\/www.medellin.gov.co\/es\/sala-de-prensa\/noticias\/31-230-personas-se-capacitaran-en-separacion-de-residuos-solidos-con-la-campana-tu-separas-yo-reciclo\/","title":{"rendered":"31.230 personas se capacitar\u00e1n en separaci\u00f3n de residuos s\u00f3lidos con la campa\u00f1a T\u00fa Separas, Yo Reciclo"},"content":{"rendered":"<ul>\n<li class=\"MsoNormal\">Se trata de una estrategia puerta a puerta que llegar\u00e1 a 9.000 viviendas de la capital antioque\u00f1a.<\/li>\n<li class=\"MsoNormal\">El a\u00f1o pasado se impactaron 6.000 hogares. La meta del plan de desarrollo es llegar a 25.000.<\/li>\n<li class=\"MsoNormal\">La iniciativa contribuye al cumplimiento de la estrategia Medell\u00edn, Tacita de Plata para resolver integralmente la problem\u00e1tica de puntos cr\u00edticos.<\/li>\n<\/ul>\n<!--[if lt IE 9]><script>document.createElement('audio');<\/script><![endif]-->\n\t<div class=\"wp-playlist wp-audio-playlist wp-playlist-light\">\n\t\t\t<div class=\"wp-playlist-current-item\"><\/div>\n\t\t<audio controls=\"controls\" preload=\"none\" width=\"640\"\n\t\t\t><\/audio>\n\t<div class=\"wp-playlist-next\"><\/div>\n\t<div class=\"wp-playlist-prev\"><\/div>\n\t<noscript>\n\t<ol>\n\t\t<li><a href='https:\/\/www.medellin.gov.co\/es\/wp-content\/uploads\/2022\/09\/Pruebas-Saber-11-01.mp3'>Palabras de Alexandra Agudelo Ruiz, secretaria de Educaci\u00f3n<\/a><\/li><li><a href='https:\/\/www.medellin.gov.co\/es\/wp-content\/uploads\/2022\/09\/Tu-Separas-Yo-Reciclo-02.mp3'>Tu-Separas-Yo-Reciclo-02<\/a><\/li>\t<\/ol>\n\t<\/noscript>\n\t<script type=\"application\/json\" class=\"wp-playlist-script\">{\"type\":\"audio\",\"tracklist\":true,\"tracknumbers\":true,\"images\":true,\"artists\":true,\"tracks\":[{\"src\":\"https:\\\/\\\/www.medellin.gov.co\\\/es\\\/wp-content\\\/uploads\\\/2022\\\/09\\\/Pruebas-Saber-11-01.mp3\",\"type\":\"audio\\\/mpeg\",\"title\":\"Palabras de Alexandra Agudelo Ruiz, secretaria de Educaci\\u00f3n\",\"caption\":\"\",\"description\":\"\\u00abPalabras de Alexandra Agudelo Ruiz, secretaria de Educaci\\u00f3n\\u00bb.\",\"meta\":{\"length_formatted\":\"0:43\"},\"image\":{\"src\":\"https:\\\/\\\/www.medellin.gov.co\\\/es\\\/wp-includes\\\/images\\\/media\\\/audio.png\",\"width\":48,\"height\":64},\"thumb\":{\"src\":\"https:\\\/\\\/www.medellin.gov.co\\\/es\\\/wp-includes\\\/images\\\/media\\\/audio.png\",\"width\":48,\"height\":64}},{\"src\":\"https:\\\/\\\/www.medellin.gov.co\\\/es\\\/wp-content\\\/uploads\\\/2022\\\/09\\\/Tu-Separas-Yo-Reciclo-02.mp3\",\"type\":\"audio\\\/mpeg\",\"title\":\"Tu-Separas-Yo-Reciclo-02\",\"caption\":\"\",\"description\":\"\\u00abPalabras de Doris Gil, administradora de la empresa de aprovechamiento Asemar\\u00bb.\",\"meta\":{\"year\":\"2022\",\"length_formatted\":\"0:39\"},\"image\":{\"src\":\"https:\\\/\\\/www.medellin.gov.co\\\/es\\\/wp-includes\\\/images\\\/media\\\/audio.png\",\"width\":48,\"height\":64},\"thumb\":{\"src\":\"https:\\\/\\\/www.medellin.gov.co\\\/es\\\/wp-includes\\\/images\\\/media\\\/audio.png\",\"width\":48,\"height\":64}}]}<\/script>\n<\/div>\n\t\n<p class=\"MsoNormal\">En los \u00faltimos cuatro meses del a\u00f1o, la Alcald\u00eda de Medell\u00edn impactar\u00e1 unas 9.000 viviendas con la campa\u00f1a \u2018T\u00fa Separas, Yo Reciclo\u2019, que fortalece el v\u00ednculo entre los recicladores y la comunidad. Esta iniciativa acerca al ciudadano al proceso de recolecci\u00f3n de material apto para el reciclaje, la recuperaci\u00f3n o la reutilizaci\u00f3n, seg\u00fan sus condiciones.<\/p>\n<p class=\"MsoNormal\">Con esta estrategia puerta a puerta se capacitar\u00e1n 31.320 personas; se les entregar\u00e1 un discurso pedag\u00f3gico y una bolsa ecol\u00f3gica para depositar los elementos que recibir\u00e1n los recicladores. De esta manera asumen un papel activo y ayudan a dignificar la labor del reciclador de oficio, mediante la separaci\u00f3n adecuada de los residuos y la entrega oportuna del material, en los horarios establecidos.<\/p>\n<p class=\"MsoNormal\">\u201c<i style=\"mso-bidi-font-style: normal;\">Una ciudad es el resultado de lo que los ciudadanos hacen de ella. Estar\u00e1 limpia si la gente la mantiene limpia, si sacamos los residuos el d\u00eda y la hora que pase el carro recolector, si en nuestras casas aprendemos a separar los residuos aprovechables, el cart\u00f3n, el vidrio y el papel, si se lo entregamos a las empresas de recicladoras, que est\u00e1n conformadas por familias que viven de la comercializaci\u00f3n que viven de los residuos aprovechables<\/i>\u201d, asegur\u00f3 el subsecretario de Servicios P\u00fablicos, Roger Alejandro Jim\u00e9nez Fern\u00e1ndez.<span style=\"mso-spacerun: yes;\">\u00a0<\/span><\/p>\n<div id=\"attachment_93336\" style=\"width: 1034px\" class=\"wp-caption alignnone\"><a href=\"https:\/\/www.medellin.gov.co\/es\/wp-content\/uploads\/2022\/09\/Tu-Separas-Yo-Reciclo-2.jpg\" target=\"_blank\" rel=\"noopener\"><img aria-describedby=\"caption-attachment-93336\" loading=\"lazy\" class=\"wp-image-93336 size-full\" title=\"Capacitaci\u00f3n de la campa\u00f1a T\u00fa Separas, Yo Reciclo\" src=\"https:\/\/www.medellin.gov.co\/es\/wp-content\/uploads\/2022\/09\/Tu-Separas-Yo-Reciclo-2.jpg\" alt=\"Capacitaci\u00f3n de la campa\u00f1a T\u00fa Separas, Yo Reciclo\" width=\"1024\" height=\"576\" srcset=\"https:\/\/www.medellin.gov.co\/es\/wp-content\/uploads\/2022\/09\/Tu-Separas-Yo-Reciclo-2.jpg 1024w, https:\/\/www.medellin.gov.co\/es\/wp-content\/uploads\/2022\/09\/Tu-Separas-Yo-Reciclo-2-300x169.jpg 300w, https:\/\/www.medellin.gov.co\/es\/wp-content\/uploads\/2022\/09\/Tu-Separas-Yo-Reciclo-2-150x84.jpg 150w, https:\/\/www.medellin.gov.co\/es\/wp-content\/uploads\/2022\/09\/Tu-Separas-Yo-Reciclo-2-768x432.jpg 768w\" sizes=\"(max-width: 1024px) 100vw, 1024px\" \/><\/a><p id=\"caption-attachment-93336\" class=\"wp-caption-text\">Capacitaci\u00f3n de la campa\u00f1a T\u00fa Separas, Yo Reciclo &#8211; Foto Alcald\u00eda de Medell\u00edn<\/p><\/div>\n<p class=\"MsoNormal\">El funcionario agreg\u00f3 que este es un tema de cultura, que busca un mayor porcentaje de residuos aprovechados, dignificar la labor de los recicladores y disminuir el material que llega en disposici\u00f3n final al relleno sanitario La Pradera. La campa\u00f1a, con ejecuci\u00f3n en todas las comunas, inicia esta semana en Laureles \u2013 Estadio. En septiembre se espera cubrir las comunas Bel\u00e9n, La Candelaria, Manrique, San Crist\u00f3bal y Poblado.<\/p>\n<p class=\"MsoNormal\">Lo anterior contribuye al cumplimiento de la estrategia Medell\u00edn, Tacita de Plata que favorece una soluci\u00f3n integral a la problem\u00e1tica de puntos cr\u00edticos. Varias empresas de aprovechamiento y sus recicladores de oficio acompa\u00f1ar\u00e1n permanentemente el proceso para generar conciencia y recordaci\u00f3n en la comunidad.<\/p>\n<p class=\"MsoNormal\">\u201c<i style=\"mso-bidi-font-style: normal;\">En hora buena para nuestra organizaci\u00f3n. Con esta campa\u00f1a llegaremos a los usuarios de la zona 4 de Medell\u00edn, nuestra zona de injerencia y presencia hace m\u00e1s de 30 a\u00f1os, ahora como prestadores del servicio p\u00fablico de aprovechamiento. Esta campa\u00f1a la llevaremos de la mano con la Subsecretar\u00eda de Servicios P\u00fablicos, a todos los usuarios para que hagan una adecuada separaci\u00f3n en la fuente de los residuos s\u00f3lidos y sean entregados a los recicladores de nuestra organizaci\u00f3n, porque reciclaje sin recicladores, es basura<\/i>\u201d, anot\u00f3 la administradora de la empresa de aprovechamiento Asemar, Doris Gil.<\/p>\n<p class=\"MsoNormal\">La meta del Plan de Desarrollo del Distrito de Medell\u00edn es sensibilizar 25.000 viviendas en el tema de la correcta separaci\u00f3n de residuos s\u00f3lidos, una tarea ejecutada por el componente de aseo de la Secretar\u00eda de Gesti\u00f3n y Control Territorial, que no solo busca generar conciencia en los ciudadanos para ayudar al reciclador, sino que pretende aumentar la vida \u00fatil del Relleno Sanitario La Pradera.<span style=\"mso-spacerun: yes;\">\u00a0\u00a0 <\/span><\/p>\n","protected":false},"excerpt":{"rendered":"<p>Se trata de una estrategia puerta a puerta que llegar\u00e1 a 9.000 viviendas de la capital antioque\u00f1a. El a\u00f1o pasado se impactaron 6.000 hogares. La meta del plan de desarrollo es llegar a 25.000. La &#8230;<\/p>\n","protected":false},"author":21,"featured_media":93335,"comment_status":"open","ping_status":"open","sticky":false,"template":"","format":"standard","meta":[],"categories":[7],"tags":[436],"formato_nota":[],"programas_tax":[],"acf":[],"_links":{"self":[{"href":"https:\/\/www.medellin.gov.co\/es\/wp-json\/wp\/v2\/posts\/93585"}],"collection":[{"href":"https:\/\/www.medellin.gov.co\/es\/wp-json\/wp\/v2\/posts"}],"about":[{"href":"https:\/\/www.medellin.gov.co\/es\/wp-json\/wp\/v2\/types\/post"}],"author":[{"embeddable":true,"href":"https:\/\/www.medellin.gov.co\/es\/wp-json\/wp\/v2\/users\/21"}],"replies":[{"embeddable":true,"href":"https:\/\/www.medellin.gov.co\/es\/wp-json\/wp\/v2\/comments?post=93585"}],"version-history":[{"count":1,"href":"https:\/\/www.medellin.gov.co\/es\/wp-json\/wp\/v2\/posts\/93585\/revisions"}],"predecessor-version":[{"id":93588,"href":"https:\/\/www.medellin.gov.co\/es\/wp-json\/wp\/v2\/posts\/93585\/revisions\/93588"}],"wp:featuredmedia":[{"embeddable":true,"href":"https:\/\/www.medellin.gov.co\/es\/wp-json\/wp\/v2\/media\/93335"}],"wp:attachment":[{"href":"https:\/\/www.medellin.gov.co\/es\/wp-json\/wp\/v2\/media?parent=93585"}],"wp:term":[{"taxonomy":"category","embeddable":true,"href":"https:\/\/www.medellin.gov.co\/es\/wp-json\/wp\/v2\/categories?post=93585"},{"taxonomy":"post_tag","embeddable":true,"href":"https:\/\/www.medellin.gov.co\/es\/wp-json\/wp\/v2\/tags?post=93585"},{"taxonomy":"formato_nota","embeddable":true,"href":"https:\/\/www.medellin.gov.co\/es\/wp-json\/wp\/v2\/formato_nota?post=93585"},{"taxonomy":"programas_tax","embeddable":true,"href":"https:\/\/www.medellin.gov.co\/es\/wp-json\/wp\/v2\/programas_tax?post=93585"}],"curies":[{"name":"wp","href":"https:\/\/api.w.org\/{rel}","templated":true}]}}