{"id":93947,"date":"2022-09-02T16:15:08","date_gmt":"2022-09-02T21:15:08","guid":{"rendered":"https:\/\/www.medellin.gov.co\/es\/?p=93947"},"modified":"2022-09-05T07:35:53","modified_gmt":"2022-09-05T12:35:53","slug":"los-bolos-entregaron-a-medellin-las-dos-primeras-medallas-en-los-juegos-nacionales-de-los-servidores-publicos","status":"publish","type":"post","link":"https:\/\/www.medellin.gov.co\/es\/sala-de-prensa\/noticias\/los-bolos-entregaron-a-medellin-las-dos-primeras-medallas-en-los-juegos-nacionales-de-los-servidores-publicos\/","title":{"rendered":"Los bolos entregaron a Medell\u00edn las dos primeras medallas en los Juegos Nacionales de los Servidores P\u00fablicos"},"content":{"rendered":"<p><em>Con los bolos y por asuntos de log\u00edstica, se dio inicio por anticipado a la versi\u00f3n n\u00famero 21 de los Juegos Nacionales de Servidores P\u00fablicos, que oficialmente comienzan el 11 de septiembre.\u00a0 En esta disciplina -ya jugada- los representantes de la Alcald\u00eda de Medell\u00edn obtuvieron dos medallas de plata<\/em><em>\u00a0<\/em><\/p>\n<p>Aunque oficialmente los juegos, en su versi\u00f3n 21, \u00a0inician este 11 de septiembre en Yopal Casanare, el deporte de los pines y las mo\u00f1onas, o sea, los bolos, ya le dio a nuestra ciudad sus dos primeras medallas -esta vez de plata- logradas por el equipo masculino que representa a la Alcald\u00eda de Medell\u00edn en estas justas deportivas.<\/p>\n<p>Y todo porque de com\u00fan acuerdo con la organizaci\u00f3n de los juegos, a cargo de Cordemo y, en vista de que la capital llanera no posee pista de bolos, se escogi\u00f3 a la Sultana del Valle, Santiago de Cali, como el escenario para realizar esta competici\u00f3n, la cual precede al inicio oficial de este certamen.<\/p>\n<p><strong>El equipo y el torneo<\/strong><\/p>\n<p>Octavio Bustos y Jorge Baquero de la secretar\u00eda de Gesti\u00f3n y Control Territorial, Jorge Rodr\u00edguez, de la secretar\u00eda de Movilidad y Mauricio Orteg\u00f3n Cervera de la secretar\u00eda de Suministros y Servicios, quienes compiten en representaci\u00f3n de la de la Alcald\u00eda de Medell\u00edn, fueron los encargados de obtener estas preseas de plata para nuestra ciudad, en la modalidad por equipos.<\/p>\n<p>\u201c<em>El resultado fue satisfactorio <\/em>-afirma Mauricio-<em> ya que estamos acostumbrados a que el seleccionado masculino o femenino ganen siempre algunas de las medallas en disputa y en esta ocasi\u00f3n, los varones obtuvieron dos preseas de plata: una en\u00a0 modalidad de equipos y otra en la de ternas\u201d<\/em>.<\/p>\n<div id=\"attachment_92961\" style=\"width: 1034px\" class=\"wp-caption alignnone\"><a href=\"https:\/\/www.medellin.gov.co\/es\/wp-content\/uploads\/2022\/09\/Juegos_Bolos_2.jpg\" target=\"_blank\" rel=\"noopener\"><img aria-describedby=\"caption-attachment-92961\" loading=\"lazy\" class=\"wp-image-92961 size-large\" title=\"Competencia de Bolos. Foto: cali.gov.co.\" src=\"https:\/\/www.medellin.gov.co\/es\/wp-content\/uploads\/2022\/09\/Juegos_Bolos_2-1024x701.jpg\" alt=\"Competencia de Bolos. Foto: cali.gov.co.\" width=\"1024\" height=\"701\" srcset=\"https:\/\/www.medellin.gov.co\/es\/wp-content\/uploads\/2022\/09\/Juegos_Bolos_2-1024x701.jpg 1024w, https:\/\/www.medellin.gov.co\/es\/wp-content\/uploads\/2022\/09\/Juegos_Bolos_2-300x206.jpg 300w, https:\/\/www.medellin.gov.co\/es\/wp-content\/uploads\/2022\/09\/Juegos_Bolos_2-150x103.jpg 150w, https:\/\/www.medellin.gov.co\/es\/wp-content\/uploads\/2022\/09\/Juegos_Bolos_2-768x526.jpg 768w, https:\/\/www.medellin.gov.co\/es\/wp-content\/uploads\/2022\/09\/Juegos_Bolos_2.jpg 1200w\" sizes=\"(max-width: 1024px) 100vw, 1024px\" \/><\/a><p id=\"caption-attachment-92961\" class=\"wp-caption-text\">Competencia de Bolos. Foto: cali.gov.co<\/p><\/div>\n<p>De acuerdo con Mauricio, un hombre de car\u00e1cter sereno, siempre amable y sonriente \u201c<em>el nivel competitivo estuvo muy alto en raz\u00f3n a que sedes cercanas como Quindi\u00f3,\u00a0 el Valle y Cali presentaron equipos altamente competitivos y estando en su medio ambiente\u00a0 dieron una pelea bastante interesante y se impusieron apoyados en esto y en el hecho de que conoc\u00edan las pistas y estaban en su entorno.\u00a0 Nosotros, desde luego, dimos hasta lo que conocemos, como siempre\u201d.<\/em><\/p>\n<p>Destaca la importancia de que estos juegos se volvieran a realizar de nuevo desde la presencialidad. <em>\u201cEl reencuentro sirvi\u00f3 para reanimar a los participantes. Es gratificante para todos los servidores p\u00fablicos el hecho de empezar a disputar un puesto para buscar representar a la alcald\u00eda.\u00a0 Es una motivaci\u00f3n y un orgullo haber logrado ese cupo para representar a la alcald\u00eda en estas justas deportivas\u201d<\/em>.<\/p>\n<div id=\"attachment_94135\" style=\"width: 1034px\" class=\"wp-caption alignnone\"><a href=\"https:\/\/www.nacionales.cordemo.org\/bolos222\/medellin\/\" target=\"_blank\" rel=\"noopener\"><img aria-describedby=\"caption-attachment-94135\" loading=\"lazy\" class=\"size-large wp-image-94135\" src=\"https:\/\/www.medellin.gov.co\/es\/wp-content\/uploads\/2022\/09\/Capturabolos-1024x536.png\" alt=\"Equipo de Bolos Alcald\u00eda de Medell\u00edn. Juegos Nacionales de Servidores P\u00fablicos\" width=\"1024\" height=\"536\" srcset=\"https:\/\/www.medellin.gov.co\/es\/wp-content\/uploads\/2022\/09\/Capturabolos-1024x536.png 1024w, https:\/\/www.medellin.gov.co\/es\/wp-content\/uploads\/2022\/09\/Capturabolos-300x157.png 300w, https:\/\/www.medellin.gov.co\/es\/wp-content\/uploads\/2022\/09\/Capturabolos-150x78.png 150w, https:\/\/www.medellin.gov.co\/es\/wp-content\/uploads\/2022\/09\/Capturabolos-768x402.png 768w, https:\/\/www.medellin.gov.co\/es\/wp-content\/uploads\/2022\/09\/Capturabolos.png 1034w\" sizes=\"(max-width: 1024px) 100vw, 1024px\" \/><\/a><p id=\"caption-attachment-94135\" class=\"wp-caption-text\">Equipo de Bolos Alcald\u00eda de Medell\u00edn. Juegos Nacionales de Servidores P\u00fablicos. Foto Cordemo<\/p><\/div>\n<p>La delegaci\u00f3n de bolicheros de la Alcald\u00eda de Medell\u00edn estuvo compuesta por 10 servidores p\u00fablicos: 5 hombres y 5 mujeres.<\/p>\n<p><strong>El orgullo de ser servidor p\u00fablico<\/strong><\/p>\n<p>Para entender la dedicaci\u00f3n de este hombre por los bolos hay que remontarse a unos 25 a\u00f1os atr\u00e1s, cuando empez\u00f3 a practicar este deporte.\u00a0 \u201c<em>Es una pasi\u00f3n que\u00a0 me naci\u00f3 porque creo que tengo la\u00a0 facilidad y la disponibilidad anat\u00f3mica de fuerza f\u00edsica y de pensamiento, que son habilidades que no tienen muchas personas y por eso practico esta disciplina\u201d.<\/em><\/p>\n<p>Y no es para menos.\u00a0 Desde sus inicios en la pr\u00e1ctica de este deporte, hace parte de la Liga de Bolos de Antioquia y tiene un palmar\u00e9s importante de t\u00edtulos y logros obtenidos, representando a nuestra ciudad y departamento.<\/p>\n<p>Para Mauricio Orteg\u00f3n Cervero, administrador de profesi\u00f3n, con posgrado en Finanzas y en Alta Gerencia, quien lleva 22 a\u00f1os de labores en la alcald\u00eda de nuestra ciudad \u201c<em>ser servidor p\u00fablico y m\u00e1s de esta organizaci\u00f3n es un orgullo y se lo digo a todos con los que he tenido la oportunidad de interactuar y conversar.\u00a0 Ser servidor p\u00fablico de la Alcald\u00eda de Medell\u00edn es lo mejor que me pudo haber pasado en la vida. Amo y adoro a esta instituci\u00f3n \u00a0y amo todo lo que hacemos en pro de la comunidad<\/em>\u201d, sentencia.<\/p>\n","protected":false},"excerpt":{"rendered":"<p>Con los bolos y por asuntos de log\u00edstica, se dio inicio por anticipado a la versi\u00f3n n\u00famero 21 de los Juegos Nacionales de Servidores P\u00fablicos, que oficialmente comienzan el 11 de septiembre.\u00a0 En esta disciplina &#8230;<\/p>\n","protected":false},"author":17,"featured_media":92929,"comment_status":"open","ping_status":"open","sticky":false,"template":"","format":"standard","meta":[],"categories":[2],"tags":[428],"formato_nota":[],"programas_tax":[],"acf":[],"_links":{"self":[{"href":"https:\/\/www.medellin.gov.co\/es\/wp-json\/wp\/v2\/posts\/93947"}],"collection":[{"href":"https:\/\/www.medellin.gov.co\/es\/wp-json\/wp\/v2\/posts"}],"about":[{"href":"https:\/\/www.medellin.gov.co\/es\/wp-json\/wp\/v2\/types\/post"}],"author":[{"embeddable":true,"href":"https:\/\/www.medellin.gov.co\/es\/wp-json\/wp\/v2\/users\/17"}],"replies":[{"embeddable":true,"href":"https:\/\/www.medellin.gov.co\/es\/wp-json\/wp\/v2\/comments?post=93947"}],"version-history":[{"count":6,"href":"https:\/\/www.medellin.gov.co\/es\/wp-json\/wp\/v2\/posts\/93947\/revisions"}],"predecessor-version":[{"id":94141,"href":"https:\/\/www.medellin.gov.co\/es\/wp-json\/wp\/v2\/posts\/93947\/revisions\/94141"}],"wp:featuredmedia":[{"embeddable":true,"href":"https:\/\/www.medellin.gov.co\/es\/wp-json\/wp\/v2\/media\/92929"}],"wp:attachment":[{"href":"https:\/\/www.medellin.gov.co\/es\/wp-json\/wp\/v2\/media?parent=93947"}],"wp:term":[{"taxonomy":"category","embeddable":true,"href":"https:\/\/www.medellin.gov.co\/es\/wp-json\/wp\/v2\/categories?post=93947"},{"taxonomy":"post_tag","embeddable":true,"href":"https:\/\/www.medellin.gov.co\/es\/wp-json\/wp\/v2\/tags?post=93947"},{"taxonomy":"formato_nota","embeddable":true,"href":"https:\/\/www.medellin.gov.co\/es\/wp-json\/wp\/v2\/formato_nota?post=93947"},{"taxonomy":"programas_tax","embeddable":true,"href":"https:\/\/www.medellin.gov.co\/es\/wp-json\/wp\/v2\/programas_tax?post=93947"}],"curies":[{"name":"wp","href":"https:\/\/api.w.org\/{rel}","templated":true}]}}