{"id":94026,"date":"2022-09-03T08:38:50","date_gmt":"2022-09-03T13:38:50","guid":{"rendered":"https:\/\/www.medellin.gov.co\/es\/?p=94026"},"modified":"2022-09-03T08:40:40","modified_gmt":"2022-09-03T13:40:40","slug":"hidroituango-no-se-detiene-y-el-proximo-mes-entra-en-funcionamiento-con-su-primera-turbina","status":"publish","type":"post","link":"https:\/\/www.medellin.gov.co\/es\/sala-de-prensa\/noticias\/hidroituango-no-se-detiene-y-el-proximo-mes-entra-en-funcionamiento-con-su-primera-turbina\/","title":{"rendered":"Hidroituango no se detiene y el pr\u00f3ximo mes entra en funcionamiento con su primera turbina"},"content":{"rendered":"<!--[if lt IE 9]><script>document.createElement('audio');<\/script><![endif]-->\n\t<div class=\"wp-playlist wp-audio-playlist wp-playlist-light\">\n\t\t\t<div class=\"wp-playlist-current-item\"><\/div>\n\t\t<audio controls=\"controls\" preload=\"none\" width=\"640\"\n\t\t\t><\/audio>\n\t<div class=\"wp-playlist-next\"><\/div>\n\t<div class=\"wp-playlist-prev\"><\/div>\n\t<noscript>\n\t<ol>\n\t\t<li><a href='https:\/\/www.medellin.gov.co\/es\/wp-content\/uploads\/2022\/09\/alcalde-hidroituango.mp3'>Palabras de Daniel Quintero Calle, alcalde de Medell\u00edn.<\/a><\/li>\t<\/ol>\n\t<\/noscript>\n\t<script type=\"application\/json\" class=\"wp-playlist-script\">{\"type\":\"audio\",\"tracklist\":true,\"tracknumbers\":true,\"images\":true,\"artists\":true,\"tracks\":[{\"src\":\"https:\\\/\\\/www.medellin.gov.co\\\/es\\\/wp-content\\\/uploads\\\/2022\\\/09\\\/alcalde-hidroituango.mp3\",\"type\":\"audio\\\/mpeg\",\"title\":\"Palabras de Daniel Quintero Calle, alcalde de Medell\\u00edn.\",\"caption\":\"\",\"description\":\"Palabras de Daniel Quintero Calle, alcalde de Medell\\u00edn.\",\"meta\":{\"year\":\"2022\",\"length_formatted\":\"1:17\"},\"image\":{\"src\":\"https:\\\/\\\/www.medellin.gov.co\\\/es\\\/wp-includes\\\/images\\\/media\\\/audio.png\",\"width\":48,\"height\":64},\"thumb\":{\"src\":\"https:\\\/\\\/www.medellin.gov.co\\\/es\\\/wp-includes\\\/images\\\/media\\\/audio.png\",\"width\":48,\"height\":64}}]}<\/script>\n<\/div>\n\t\n<p><span style=\"font-weight: 400;\">El alcalde Daniel Quintero Calle confirm\u00f3 que Hidroituango contin\u00faa avanzando de acuerdo con lo previsto y que el pr\u00f3ximo 30 de septiembre se conocer\u00e1 la fecha exacta de la puesta en funcionamiento de la primera turbina que comenzar\u00e1 a generar energ\u00eda desde el mega proyecto, que contribuir\u00e1 con el 17 % de la energ\u00eda a nivel nacional.\u00a0<\/span><\/p>\n<p><i><span style=\"font-weight: 400;\">\u201cLa fecha no se puede acelerar ni aplazar por todo el impacto econ\u00f3mico que esto genera, no solo para EPM, que empieza a recuperar la plata de todos los da\u00f1os que se hicieron, sino para el pa\u00eds, porque al empezar a recibir esta energ\u00eda se genera un impacto directo en las tarifas de energ\u00eda\u201d, <\/span><\/i><span style=\"font-weight: 400;\">explic\u00f3 el mandatario distrital<\/span><i><span style=\"font-weight: 400;\">.\u00a0\u00a0\u00a0<\/span><\/i><\/p>\n<p><span style=\"font-weight: 400;\">El alcalde adem\u00e1s precis\u00f3 que en 2023 estar\u00edan entrando en funcionamiento las turbinas 3 y 4 y que contin\u00faa en marcha la licitaci\u00f3n para las generadoras de energ\u00eda 5, 6, 7 y 8.\u00a0 <\/span><\/p>\n","protected":false},"excerpt":{"rendered":"<p>El alcalde Daniel Quintero Calle confirm\u00f3 que Hidroituango contin\u00faa avanzando de acuerdo con lo previsto y que el pr\u00f3ximo 30 de septiembre se conocer\u00e1 la fecha exacta de la puesta en funcionamiento de la primera &#8230;<\/p>\n","protected":false},"author":4,"featured_media":79425,"comment_status":"open","ping_status":"open","sticky":false,"template":"","format":"standard","meta":[],"categories":[8,11],"tags":[455,442],"formato_nota":[],"programas_tax":[],"acf":[],"_links":{"self":[{"href":"https:\/\/www.medellin.gov.co\/es\/wp-json\/wp\/v2\/posts\/94026"}],"collection":[{"href":"https:\/\/www.medellin.gov.co\/es\/wp-json\/wp\/v2\/posts"}],"about":[{"href":"https:\/\/www.medellin.gov.co\/es\/wp-json\/wp\/v2\/types\/post"}],"author":[{"embeddable":true,"href":"https:\/\/www.medellin.gov.co\/es\/wp-json\/wp\/v2\/users\/4"}],"replies":[{"embeddable":true,"href":"https:\/\/www.medellin.gov.co\/es\/wp-json\/wp\/v2\/comments?post=94026"}],"version-history":[{"count":2,"href":"https:\/\/www.medellin.gov.co\/es\/wp-json\/wp\/v2\/posts\/94026\/revisions"}],"predecessor-version":[{"id":94031,"href":"https:\/\/www.medellin.gov.co\/es\/wp-json\/wp\/v2\/posts\/94026\/revisions\/94031"}],"wp:featuredmedia":[{"embeddable":true,"href":"https:\/\/www.medellin.gov.co\/es\/wp-json\/wp\/v2\/media\/79425"}],"wp:attachment":[{"href":"https:\/\/www.medellin.gov.co\/es\/wp-json\/wp\/v2\/media?parent=94026"}],"wp:term":[{"taxonomy":"category","embeddable":true,"href":"https:\/\/www.medellin.gov.co\/es\/wp-json\/wp\/v2\/categories?post=94026"},{"taxonomy":"post_tag","embeddable":true,"href":"https:\/\/www.medellin.gov.co\/es\/wp-json\/wp\/v2\/tags?post=94026"},{"taxonomy":"formato_nota","embeddable":true,"href":"https:\/\/www.medellin.gov.co\/es\/wp-json\/wp\/v2\/formato_nota?post=94026"},{"taxonomy":"programas_tax","embeddable":true,"href":"https:\/\/www.medellin.gov.co\/es\/wp-json\/wp\/v2\/programas_tax?post=94026"}],"curies":[{"name":"wp","href":"https:\/\/api.w.org\/{rel}","templated":true}]}}