{"id":94035,"date":"2022-09-03T09:31:27","date_gmt":"2022-09-03T14:31:27","guid":{"rendered":"https:\/\/www.medellin.gov.co\/es\/?p=94035"},"modified":"2022-09-03T09:55:51","modified_gmt":"2022-09-03T14:55:51","slug":"el-procurador-de-proteccion-ambiental-de-quintana-roo-mexico-visito-la-perla-para-conocer-los-programas-de-bienestar-animal-de-medellin","status":"publish","type":"post","link":"https:\/\/www.medellin.gov.co\/es\/sala-de-prensa\/noticias\/el-procurador-de-proteccion-ambiental-de-quintana-roo-mexico-visito-la-perla-para-conocer-los-programas-de-bienestar-animal-de-medellin\/","title":{"rendered":"El procurador de Protecci\u00f3n Ambiental de Quintana Roo (M\u00e9xico) visit\u00f3 La Perla para conocer los programas de bienestar animal de Medell\u00edn"},"content":{"rendered":"<ul>\n<li>El Centro de Bienestar Animal La Perla es referente internacional por sus acciones de protecci\u00f3n animal y buenas pr\u00e1cticas ambientales.<\/li>\n<li>La delegaci\u00f3n mexicana conoci\u00f3 estrategias como el control de natalidad de caninos y felinos, as\u00ed como los procesos de adopci\u00f3n de animales de compa\u00f1\u00eda.<\/li>\n<li>Medell\u00edn tambi\u00e9n comparte experiencias de bienestar animal con nueve regiones de Colombia.<\/li>\n<\/ul>\n<!--[if lt IE 9]><script>document.createElement('audio');<\/script><![endif]-->\n\t<div class=\"wp-playlist wp-audio-playlist wp-playlist-light\">\n\t\t\t<div class=\"wp-playlist-current-item\"><\/div>\n\t\t<audio controls=\"controls\" preload=\"none\" width=\"640\"\n\t\t\t><\/audio>\n\t<div class=\"wp-playlist-next\"><\/div>\n\t<div class=\"wp-playlist-prev\"><\/div>\n\t<noscript>\n\t<ol>\n\t\t<li><a href='https:\/\/www.medellin.gov.co\/es\/wp-content\/uploads\/2022\/09\/LAPerla_VisitaMexico.mp3'>Palabras de Vanesa \u00c1lvarez Restrepo, secretaria de Medio Ambiente<\/a><\/li>\t<\/ol>\n\t<\/noscript>\n\t<script type=\"application\/json\" class=\"wp-playlist-script\">{\"type\":\"audio\",\"tracklist\":true,\"tracknumbers\":true,\"images\":true,\"artists\":true,\"tracks\":[{\"src\":\"https:\\\/\\\/www.medellin.gov.co\\\/es\\\/wp-content\\\/uploads\\\/2022\\\/09\\\/LAPerla_VisitaMexico.mp3\",\"type\":\"audio\\\/mpeg\",\"title\":\"Palabras de Vanesa \\u00c1lvarez Restrepo, secretaria de Medio Ambiente\",\"caption\":\"Palabras de Vanesa \\u00c1lvarez Restrepo, secretaria de Medio Ambiente\",\"description\":\"\\u00abCentro de Bienestar Animal La Perla, Vanesa \\u00c1lvarez Restrepo, secretaria de Medio Ambiente: Blues.\",\"meta\":{\"artist\":\"Palabras de Vanesa \\u00c1lvarez Restrepo, secretaria de Medio Ambiente\",\"album\":\"Palabras de Vanesa \\u00c1lvarez Restrepo, secretaria de Medio Ambiente\",\"genre\":\"Blues\",\"length_formatted\":\"0:51\"},\"image\":{\"src\":\"https:\\\/\\\/www.medellin.gov.co\\\/es\\\/wp-includes\\\/images\\\/media\\\/audio.png\",\"width\":48,\"height\":64},\"thumb\":{\"src\":\"https:\\\/\\\/www.medellin.gov.co\\\/es\\\/wp-includes\\\/images\\\/media\\\/audio.png\",\"width\":48,\"height\":64}}]}<\/script>\n<\/div>\n\t\n<p>Para conocer las estrategias y programas de protecci\u00f3n y bienestar animal que lidera la Administraci\u00f3n Distrital, el procurador de Protecci\u00f3n al Ambiente del Gobierno subnacional de Quintana Roo (M\u00e9xico), Miguel \u00c1ngel Nadal Novelo, recorri\u00f3 el Centro de Bienestar Animal La Perla.<\/p>\n<p>La delegaci\u00f3n estuvo al tanto de detalles en el manejo y funcionamiento del centro de bienestar y de los avances de las jornadas de control de natalidad de caninos y felinos, as\u00ed como de los procesos de adopci\u00f3n de animales de compa\u00f1\u00eda, del plan de interacci\u00f3n responsable y respetuosa con las palomas, y de los programas de control y atenci\u00f3n de especies mayores.<\/p>\n<p>\u201cEstamos muy contentos con la visita de esta delegaci\u00f3n mexicana interesada en conocer los procesos y estrategias que desarrollamos en el Centro de Bienestar Animal La Perla y que hoy nos permiten ser un ejemplo. Esto nos demuestra que venimos haciendo las cosas bien y que los programas que lideramos en la construcci\u00f3n de la Medell\u00edn Futuro son un referente no solo nacional, sino internacional. Seguiremos fortaleciendo estos lazos de amistad, que permiten compartir conocimientos y seguir avanzando en acciones encaminadas a la protecci\u00f3n y el bienestar de los seres sintientes\u201d, se\u00f1al\u00f3 la secretaria de Medio Ambiente, Vanesa \u00c1lvarez Restrepo.<\/p>\n<p>La Perla es el albergue m\u00e1s grande de Antioquia y su finalidad es proporcionar atenci\u00f3n integral a perros y gatos mediante acciones de rescate de animales heridos, atropellados, madres gestantes o lactantes y cachorros. All\u00ed, se tiene servicio completo de cl\u00ednica, hospitalizaci\u00f3n, cirug\u00eda, esterilizaci\u00f3n, alojamiento y promoci\u00f3n de la adopci\u00f3n, y se adelantan actividades educativas y de sensibilizaci\u00f3n sobre el cuidado responsable y respetuoso por la vida de los animales, todo ello para fomentar la protecci\u00f3n y el cuidado de la fauna.<\/p>\n<p>\u201cEn M\u00e9xico estuvimos leyendo acerca de este Centro de Bienestar Animal La Perla. Nos pareci\u00f3 muy importante e interesante conocerlo, saber lo que ustedes est\u00e1n haciendo aqu\u00ed; las estrategias y la forma en que realizan estas atenciones de apoyo a la ciudadan\u00eda. Ya que estamos aqu\u00ed, constatamos un trabajo muy importante y regresaremos a M\u00e9xico muy contentos. Quiero felicitar a este centro y a la Alcald\u00eda de Medell\u00edn por este gran trabajo\u201d, expres\u00f3 el procurador de Protecci\u00f3n al Ambiente del Estado de Quintana Roo (M\u00e9xico), el ingeniero Miguel \u00c1ngel Nadal Novelo.<\/p>\n<p>En 2020, la Alcald\u00eda de Medell\u00edn cre\u00f3 la Subsecretar\u00eda de Bienestar Animal y en el \u00faltimo a\u00f1o asign\u00f3 recursos por m\u00e1s de $19.000 millones para los programas y proyectos de protecci\u00f3n y bienestar animal.<\/p>\n<p>Este a\u00f1o, La Perla ha rescatado, por maltrato o abandono, a 2.013 animales de compa\u00f1\u00eda: 1.113 caninos y 900 felinos, los cuales reciben atenci\u00f3n m\u00e9dico veterinaria, vacunaci\u00f3n, implantaci\u00f3n de microchip y esterilizaci\u00f3n, y luego entran a los procesos de adopci\u00f3n. En lo corrido de 2022, 809 familias les han dado la oportunidad de un nuevo hogar a los perros y gatos del centro de bienestar; adem\u00e1s, se han realizado 10.000 cirug\u00edas gratuitas de control de natalidad de caninos y felinos con familias de los estratos 1, 2 y 3.<\/p>\n","protected":false},"excerpt":{"rendered":"<p>El Centro de Bienestar Animal La Perla es referente internacional por sus acciones de protecci\u00f3n animal y buenas pr\u00e1cticas ambientales. La delegaci\u00f3n mexicana conoci\u00f3 estrategias como el control de natalidad de caninos y felinos, as\u00ed &#8230;<\/p>\n","protected":false},"author":17,"featured_media":94039,"comment_status":"open","ping_status":"open","sticky":false,"template":"","format":"standard","meta":[],"categories":[13],"tags":[446],"formato_nota":[],"programas_tax":[],"acf":[],"_links":{"self":[{"href":"https:\/\/www.medellin.gov.co\/es\/wp-json\/wp\/v2\/posts\/94035"}],"collection":[{"href":"https:\/\/www.medellin.gov.co\/es\/wp-json\/wp\/v2\/posts"}],"about":[{"href":"https:\/\/www.medellin.gov.co\/es\/wp-json\/wp\/v2\/types\/post"}],"author":[{"embeddable":true,"href":"https:\/\/www.medellin.gov.co\/es\/wp-json\/wp\/v2\/users\/17"}],"replies":[{"embeddable":true,"href":"https:\/\/www.medellin.gov.co\/es\/wp-json\/wp\/v2\/comments?post=94035"}],"version-history":[{"count":4,"href":"https:\/\/www.medellin.gov.co\/es\/wp-json\/wp\/v2\/posts\/94035\/revisions"}],"predecessor-version":[{"id":94065,"href":"https:\/\/www.medellin.gov.co\/es\/wp-json\/wp\/v2\/posts\/94035\/revisions\/94065"}],"wp:featuredmedia":[{"embeddable":true,"href":"https:\/\/www.medellin.gov.co\/es\/wp-json\/wp\/v2\/media\/94039"}],"wp:attachment":[{"href":"https:\/\/www.medellin.gov.co\/es\/wp-json\/wp\/v2\/media?parent=94035"}],"wp:term":[{"taxonomy":"category","embeddable":true,"href":"https:\/\/www.medellin.gov.co\/es\/wp-json\/wp\/v2\/categories?post=94035"},{"taxonomy":"post_tag","embeddable":true,"href":"https:\/\/www.medellin.gov.co\/es\/wp-json\/wp\/v2\/tags?post=94035"},{"taxonomy":"formato_nota","embeddable":true,"href":"https:\/\/www.medellin.gov.co\/es\/wp-json\/wp\/v2\/formato_nota?post=94035"},{"taxonomy":"programas_tax","embeddable":true,"href":"https:\/\/www.medellin.gov.co\/es\/wp-json\/wp\/v2\/programas_tax?post=94035"}],"curies":[{"name":"wp","href":"https:\/\/api.w.org\/{rel}","templated":true}]}}