{"id":3646,"date":"2022-12-07T17:30:28","date_gmt":"2022-12-07T22:30:28","guid":{"rendered":"\/mujeresmedellin\/?p=3646"},"modified":"2023-07-13T12:20:53","modified_gmt":"2023-07-13T17:20:53","slug":"medellin-realizo-clinica-psicojuridica-para-fortalecer-el-mecanismo-de-atencion-de-violencias-basadas-en-genero","status":"publish","type":"post","link":"\/mujeresmedellin\/medellin-realizo-clinica-psicojuridica-para-fortalecer-el-mecanismo-de-atencion-de-violencias-basadas-en-genero\/","title":{"rendered":"Medell\u00edn realiz\u00f3 cl\u00ednica psicojur\u00eddica para fortalecer el mecanismo de atenci\u00f3n de violencias basadas en g\u00e9nero\u00a0"},"content":{"rendered":"\t\t<div data-elementor-type=\"wp-post\" data-elementor-id=\"3646\" class=\"elementor elementor-3646\">\n\t\t\t\t\t\t\t\t\t<section class=\"elementor-section elementor-top-section elementor-element elementor-element-72ec393 elementor-section-boxed elementor-section-height-default elementor-section-height-default\" data-id=\"72ec393\" data-element_type=\"section\">\n\t\t\t\t\t\t<div class=\"elementor-container elementor-column-gap-default\">\n\t\t\t\t\t<div class=\"elementor-column elementor-col-50 elementor-top-column elementor-element elementor-element-c2a135d\" data-id=\"c2a135d\" data-element_type=\"column\">\n\t\t\t<div class=\"elementor-widget-wrap elementor-element-populated\">\n\t\t\t\t\t\t\t\t<div class=\"elementor-element elementor-element-a0d7c59 elementor-widget elementor-widget-image\" data-id=\"a0d7c59\" data-element_type=\"widget\" data-widget_type=\"image.default\">\n\t\t\t\t<div class=\"elementor-widget-container\">\n\t\t\t<style>\/*! elementor - v3.12.2 - 23-04-2023 *\/\n.elementor-widget-image{text-align:center}.elementor-widget-image a{display:inline-block}.elementor-widget-image a img[src$=\".svg\"]{width:48px}.elementor-widget-image img{vertical-align:middle;display:inline-block}<\/style>\t\t\t\t\t\t\t\t\t\t\t\t<img decoding=\"async\" width=\"800\" height=\"534\" src=\"\/mujeresmedellin\/wp-content\/uploads\/2023\/07\/WRP1783-min-1024x684.jpg\" class=\"attachment-large size-large wp-image-3723\" alt=\"\" loading=\"lazy\" srcset=\"\/mujeresmedellin\/wp-content\/uploads\/2023\/07\/WRP1783-min-1024x684.jpg 1024w, \/mujeresmedellin\/wp-content\/uploads\/2023\/07\/WRP1783-min-300x200.jpg 300w, \/mujeresmedellin\/wp-content\/uploads\/2023\/07\/WRP1783-min-768x513.jpg 768w, \/mujeresmedellin\/wp-content\/uploads\/2023\/07\/WRP1783-min-1536x1026.jpg 1536w, \/mujeresmedellin\/wp-content\/uploads\/2023\/07\/WRP1783-min-2048x1367.jpg 2048w\" sizes=\"(max-width: 800px) 100vw, 800px\" \/>\t\t\t\t\t\t\t\t\t\t\t\t\t\t\t<\/div>\n\t\t\t\t<\/div>\n\t\t\t\t\t<\/div>\n\t\t<\/div>\n\t\t\t\t<div class=\"elementor-column elementor-col-50 elementor-top-column elementor-element elementor-element-31cd41b\" data-id=\"31cd41b\" data-element_type=\"column\">\n\t\t\t<div class=\"elementor-widget-wrap elementor-element-populated\">\n\t\t\t\t\t\t\t\t<div class=\"elementor-element elementor-element-d056bda elementor-widget elementor-widget-text-editor\" data-id=\"d056bda\" data-element_type=\"widget\" data-widget_type=\"text-editor.default\">\n\t\t\t\t<div class=\"elementor-widget-container\">\n\t\t\t<style>\/*! elementor - v3.12.2 - 23-04-2023 *\/\n.elementor-widget-text-editor.elementor-drop-cap-view-stacked .elementor-drop-cap{background-color:#69727d;color:#fff}.elementor-widget-text-editor.elementor-drop-cap-view-framed .elementor-drop-cap{color:#69727d;border:3px solid;background-color:transparent}.elementor-widget-text-editor:not(.elementor-drop-cap-view-default) .elementor-drop-cap{margin-top:8px}.elementor-widget-text-editor:not(.elementor-drop-cap-view-default) .elementor-drop-cap-letter{width:1em;height:1em}.elementor-widget-text-editor .elementor-drop-cap{float:left;text-align:center;line-height:1;font-size:50px}.elementor-widget-text-editor .elementor-drop-cap-letter{display:inline-block}<\/style>\t\t\t\t<p><ul><li><b>Se trata de metodolog\u00edas para el an\u00e1lisis interdisciplinar de estrategias de litigio en casos de victimizaci\u00f3n de mujeres por violencias basadas en g\u00e9nero.<\/b><\/li><li><b>\n35 expertas y expertos nacionales e internacionales en estas violencias, en derechos humanos de las mujeres y litigio se dieron cita en la cl\u00ednica jur\u00eddica feminista.<\/b><\/li><li><b>\nLa Secretar\u00eda de las Mujeres fortalece el plan de litigio estrat\u00e9gico del mecanismo de defensa t\u00e9cnica para la vivencia de espacios universitarios libres de violencias para las mujeres.<\/b><\/li><\/ul><\/p>\t\t\t\t\t\t<\/div>\n\t\t\t\t<\/div>\n\t\t\t\t\t<\/div>\n\t\t<\/div>\n\t\t\t\t\t\t\t<\/div>\n\t\t<\/section>\n\t\t\t\t<section class=\"elementor-section elementor-top-section elementor-element elementor-element-3f139f3d elementor-section-boxed elementor-section-height-default elementor-section-height-default\" data-id=\"3f139f3d\" data-element_type=\"section\">\n\t\t\t\t\t\t<div class=\"elementor-container elementor-column-gap-default\">\n\t\t\t\t\t<div class=\"elementor-column elementor-col-100 elementor-top-column elementor-element elementor-element-340ae901\" data-id=\"340ae901\" data-element_type=\"column\">\n\t\t\t<div class=\"elementor-widget-wrap elementor-element-populated\">\n\t\t\t\t\t\t\t\t<div class=\"elementor-element elementor-element-1647284f elementor-widget elementor-widget-text-editor\" data-id=\"1647284f\" data-element_type=\"widget\" data-widget_type=\"text-editor.default\">\n\t\t\t\t<div class=\"elementor-widget-container\">\n\t\t\t\t\t\t\t<!-- wp:paragraph -->\n<p>Medell\u00edn realiz\u00f3 la primera cl\u00ednica psicojur\u00eddica feminista para analizar las estrategias de defensa jur\u00eddica y de acompa\u00f1amiento psicol\u00f3gico a las mujeres v\u00edctimas de violencias basadas en g\u00e9nero en las instituciones de educaci\u00f3n superior.<\/p>\n<!-- \/wp:paragraph -->\n\n<!-- wp:paragraph -->\n<p>Esta cl\u00ednica es una de las acciones con las que se avanza en la adecuaci\u00f3n del mecanismo de defensa t\u00e9cnica, de cara a la prestaci\u00f3n de servicios psicojur\u00eddicos y de representaci\u00f3n en procesos disciplinarios a mujeres v\u00edctimas de estas violencias en instituciones universitarias. Este escenario se suma a los procesos penales y de protecci\u00f3n ante comisar\u00edas de familia, en los cuales la Secretar\u00eda de las Mujeres y la Colectiva Justicia Mujer representan judicialmente a mujeres victimizadas desde junio de 2021.<\/p>\n<!-- \/wp:paragraph -->\n\n<!-- wp:paragraph -->\n<p><em>\u201cDesde la Secretar\u00eda de las Mujeres hemos asesorado a 17 instituciones de educaci\u00f3n superior para fortalecer sus mecanismos y rutas de atenci\u00f3n, protecci\u00f3n y prevenci\u00f3n de violencias basadas en g\u00e9nero. Es por esto que la cl\u00ednica jur\u00eddica es un hecho fundamental, pues el di\u00e1logo con expertas interdisciplinares nacionales e internacionales nos permitir\u00e1 estrategias m\u00e1s efectivas para proteger la vida de las mujeres. As\u00ed avanzamos hacia una Medell\u00edn Futura, con una vida libre de violencias para todas\u201d<\/em>, afirm\u00f3 la secretaria de las Mujeres, Ang\u00e9lica Ortiz Maya, quien particip\u00f3 en la cl\u00ednica.<\/p>\n<!-- \/wp:paragraph -->\n\n<!-- wp:paragraph -->\n<p>En este escenario tambi\u00e9n estuvieron la concejala Dora Saldarriaga y la subdirectora de la Corporaci\u00f3n Colectiva Justicia Mujer, Nathalia \u00c1lvarez Cadavid. Las acompa\u00f1aron 35 expertas en violencias basadas en g\u00e9nero y en derechos humanos, abogadas litigantes, investigadoras y docentes de Derecho Disciplinario, Constitucional, Internacional y afines.<\/p>\n<!-- \/wp:paragraph -->\n\n<!-- wp:paragraph -->\n<p>Se destac\u00f3 el acompa\u00f1amiento de Estefan\u00eda Vargas (coordinadora jur\u00eddica de Abogados Sin Fronteras Canad\u00e1), Valentina Cataldo (de la Direcci\u00f3n de Igualdad de G\u00e9nero de la Universidad de Chile) y Victoria Primate y Sandra Torlucci (en nombre de la Red Interuniversitaria por la Igualdad de G\u00e9nero y Contra las Violencias -RUGE-, desde Argentina).<\/p>\n<!-- \/wp:paragraph -->\n\n<!-- wp:paragraph -->\n<p>Esta cl\u00ednica concluy\u00f3 con la creaci\u00f3n de nuevas perspectivas de exigibilidad jur\u00eddica y pol\u00edtica para la adopci\u00f3n de est\u00e1ndares constitucionales e internacionales en los procesos disciplinarios por violencias basadas en g\u00e9nero en instituciones de educaci\u00f3n superior, para lograr entornos educativos no sexistas, libres de violencias, respetuosos y garantes de los derechos de las mujeres.<\/p>\n<!-- \/wp:paragraph -->\n\n<!-- wp:paragraph -->\n<p><em>\u201cComo Corporaci\u00f3n Colectiva Justicia Mujer nos convoca con urgencia acompa\u00f1ar a las estudiantes y docentes universitarias, que en la ciudad y en el pa\u00eds, denuncian acoso sexual y de violencias basadas en g\u00e9nero. Por esa raz\u00f3n, acompa\u00f1amos a la Secretar\u00eda de las Mujeres en la adecuaci\u00f3n del mecanismo de defensa t\u00e9cnica, en el que se ha incluido recientemente la asistencia t\u00e9cnico legal, la representaci\u00f3n jur\u00eddica y el acompa\u00f1amiento psicosocial para que estas mujeres sean acompa\u00f1adas durante los procesos disciplinarios y logremos con ello el acceso a la verdad, a la justicia y a la reparaci\u00f3n\u201d<\/em>, indic\u00f3 la subdirectora de la Colectiva Justicia Mujer, Nathalia \u00c1lvarez.<\/p>\n<!-- \/wp:paragraph -->\n\n<!-- wp:paragraph -->\n<p>Entre 2020 y 2022, con este mecanismo se ha asumido la representaci\u00f3n legal de 455 mujeres, asociadas a 713 procesos (406 penales y 307 de protecci\u00f3n) y se han obtenido m\u00e1s de 150 decisiones favorables a sus intereses. Estos casos de acoso y abuso sexual se han recibido a trav\u00e9s de los mecanismos de protecci\u00f3n de atenci\u00f3n psicojur\u00eddica en territorio y de la l\u00ednea 123 Agencia Mujer.<\/p>\n<!-- \/wp:paragraph -->\n\n<!-- wp:paragraph -->\n<p>Recientemente, el Distrito adicion\u00f3 recursos al mecanismo de defensa t\u00e9cnica con una estrategia piloto de fortalecimiento t\u00e9cnico que se desarrollar\u00e1 gradualmente. Actualmente, se asume la representaci\u00f3n de cinco mujeres en dos procesos disciplinarios. La cl\u00ednica psicojur\u00eddica aporta al fortalecimiento de la estrategia y a la construcci\u00f3n de entornos de educaci\u00f3n superior seguros para las mujeres.<\/p>\n<!-- \/wp:paragraph -->\n\n<!-- wp:paragraph -->\n<p><em>\u201cEstamos convencidas de que este proceso ayudar\u00e1 a los derechos humanos de las mujeres dentro de la Universidad de Antioquia. Adem\u00e1s, creemos que la alianza Secretar\u00eda de las Mujeres y Colectiva Justicia Mujer ayudar\u00e1 a que, metodol\u00f3gicamente, el mecanismo de defensa permita a las mujeres de la UdeA tener espacios mucho m\u00e1s democr\u00e1ticos para incidir y tener mayor \u00e9xito en sus casos. Esto causar\u00e1 un cambio cultural dentro de la universidad para todas y todos en el ambiente universitario\u201d, <\/em>dijo la docente Nancy Eliana Gallo Restrepo, de la Facultad Nacional de Salud P\u00fablica de la Universidad de Antioquia.<\/p>\n<!-- \/wp:paragraph -->\n\n<!-- wp:paragraph -->\n<p>Las <em>Cl\u00ednicas Jur\u00eddicas Feministas<\/em> son un m\u00e9todo de trabajo interdisciplinario realizado por la Corporaci\u00f3n Colectiva Justicia Mujer para el an\u00e1lisis de situaciones en las cuales se han vulnerado los derechos humanos de las mujeres. Con esta sesi\u00f3n se validan estrategias psicosociales, jur\u00eddicas y de incidencia pol\u00edtica, que respondan de fondo a las demandas de verdad, justicia y reparaci\u00f3n.&nbsp;<\/p>\n<!-- \/wp:paragraph -->\t\t\t\t\t\t<\/div>\n\t\t\t\t<\/div>\n\t\t\t\t\t<\/div>\n\t\t<\/div>\n\t\t\t\t\t\t\t<\/div>\n\t\t<\/section>\n\t\t\t\t\t\t\t<\/div>\n\t\t","protected":false},"excerpt":{"rendered":"<p>Se trata de metodolog\u00edas para el an\u00e1lisis interdisciplinar de estrategias de litigio en casos de victimizaci\u00f3n de mujeres por violencias basadas en g\u00e9nero. 35 expertas y expertos nacionales e internacionales en estas violencias, en derechos humanos de las mujeres y litigio se dieron cita en la cl\u00ednica jur\u00eddica feminista. La Secretar\u00eda de las Mujeres fortalece [&hellip;]<\/p>\n","protected":false},"author":3,"featured_media":0,"comment_status":"open","ping_status":"open","sticky":false,"template":"","format":"standard","meta":[],"categories":[14,18],"tags":[],"_links":{"self":[{"href":"\/mujeresmedellin\/wp-json\/wp\/v2\/posts\/3646"}],"collection":[{"href":"\/mujeresmedellin\/wp-json\/wp\/v2\/posts"}],"about":[{"href":"\/mujeresmedellin\/wp-json\/wp\/v2\/types\/post"}],"author":[{"embeddable":true,"href":"\/mujeresmedellin\/wp-json\/wp\/v2\/users\/3"}],"replies":[{"embeddable":true,"href":"\/mujeresmedellin\/wp-json\/wp\/v2\/comments?post=3646"}],"version-history":[{"count":7,"href":"\/mujeresmedellin\/wp-json\/wp\/v2\/posts\/3646\/revisions"}],"predecessor-version":[{"id":3734,"href":"\/mujeresmedellin\/wp-json\/wp\/v2\/posts\/3646\/revisions\/3734"}],"wp:attachment":[{"href":"\/mujeresmedellin\/wp-json\/wp\/v2\/media?parent=3646"}],"wp:term":[{"taxonomy":"category","embeddable":true,"href":"\/mujeresmedellin\/wp-json\/wp\/v2\/categories?post=3646"},{"taxonomy":"post_tag","embeddable":true,"href":"\/mujeresmedellin\/wp-json\/wp\/v2\/tags?post=3646"}],"curies":[{"name":"wp","href":"https:\/\/api.w.org\/{rel}","templated":true}]}}