{"id":3651,"date":"2023-02-17T17:35:06","date_gmt":"2023-02-17T22:35:06","guid":{"rendered":"\/mujeresmedellin\/?p=3651"},"modified":"2023-07-13T12:20:05","modified_gmt":"2023-07-13T17:20:05","slug":"la-alcaldia-de-medellin-desmonto-una-valla-ubicada-en-las-palmas-que-violentaba-y-sexualizaba-a-las-mujeres","status":"publish","type":"post","link":"\/mujeresmedellin\/la-alcaldia-de-medellin-desmonto-una-valla-ubicada-en-las-palmas-que-violentaba-y-sexualizaba-a-las-mujeres\/","title":{"rendered":"La Alcald\u00eda de Medell\u00edn desmont\u00f3 una valla ubicada en Las Palmas, que violentaba y sexualizaba a las mujeres"},"content":{"rendered":"\t\t<div data-elementor-type=\"wp-post\" data-elementor-id=\"3651\" class=\"elementor elementor-3651\">\n\t\t\t\t\t\t\t\t\t<section class=\"elementor-section elementor-top-section elementor-element elementor-element-04c9040 elementor-section-boxed elementor-section-height-default elementor-section-height-default\" data-id=\"04c9040\" data-element_type=\"section\">\n\t\t\t\t\t\t<div class=\"elementor-container elementor-column-gap-default\">\n\t\t\t\t\t<div class=\"elementor-column elementor-col-50 elementor-top-column elementor-element elementor-element-b3c8f26\" data-id=\"b3c8f26\" data-element_type=\"column\">\n\t\t\t<div class=\"elementor-widget-wrap elementor-element-populated\">\n\t\t\t\t\t\t\t\t<div class=\"elementor-element elementor-element-48c7bea elementor-widget elementor-widget-image\" data-id=\"48c7bea\" data-element_type=\"widget\" data-widget_type=\"image.default\">\n\t\t\t\t<div class=\"elementor-widget-container\">\n\t\t\t<style>\/*! elementor - v3.12.2 - 23-04-2023 *\/\n.elementor-widget-image{text-align:center}.elementor-widget-image a{display:inline-block}.elementor-widget-image a img[src$=\".svg\"]{width:48px}.elementor-widget-image img{vertical-align:middle;display:inline-block}<\/style>\t\t\t\t\t\t\t\t\t\t\t\t<img decoding=\"async\" width=\"800\" height=\"534\" src=\"\/mujeresmedellin\/wp-content\/uploads\/2023\/07\/Desmonte-Valla-1-1024x683.jpg\" class=\"attachment-large size-large wp-image-3735\" alt=\"\" loading=\"lazy\" srcset=\"\/mujeresmedellin\/wp-content\/uploads\/2023\/07\/Desmonte-Valla-1-1024x683.jpg 1024w, \/mujeresmedellin\/wp-content\/uploads\/2023\/07\/Desmonte-Valla-1-300x200.jpg 300w, \/mujeresmedellin\/wp-content\/uploads\/2023\/07\/Desmonte-Valla-1-768x512.jpg 768w, \/mujeresmedellin\/wp-content\/uploads\/2023\/07\/Desmonte-Valla-1.jpg 1280w\" sizes=\"(max-width: 800px) 100vw, 800px\" \/>\t\t\t\t\t\t\t\t\t\t\t\t\t\t\t<\/div>\n\t\t\t\t<\/div>\n\t\t\t\t\t<\/div>\n\t\t<\/div>\n\t\t\t\t<div class=\"elementor-column elementor-col-50 elementor-top-column elementor-element elementor-element-38f3e4f\" data-id=\"38f3e4f\" data-element_type=\"column\">\n\t\t\t<div class=\"elementor-widget-wrap elementor-element-populated\">\n\t\t\t\t\t\t\t\t<div class=\"elementor-element elementor-element-0ea7c62 elementor-widget elementor-widget-text-editor\" data-id=\"0ea7c62\" data-element_type=\"widget\" data-widget_type=\"text-editor.default\">\n\t\t\t\t<div class=\"elementor-widget-container\">\n\t\t\t<style>\/*! elementor - v3.12.2 - 23-04-2023 *\/\n.elementor-widget-text-editor.elementor-drop-cap-view-stacked .elementor-drop-cap{background-color:#69727d;color:#fff}.elementor-widget-text-editor.elementor-drop-cap-view-framed .elementor-drop-cap{color:#69727d;border:3px solid;background-color:transparent}.elementor-widget-text-editor:not(.elementor-drop-cap-view-default) .elementor-drop-cap{margin-top:8px}.elementor-widget-text-editor:not(.elementor-drop-cap-view-default) .elementor-drop-cap-letter{width:1em;height:1em}.elementor-widget-text-editor .elementor-drop-cap{float:left;text-align:center;line-height:1;font-size:50px}.elementor-widget-text-editor .elementor-drop-cap-letter{display:inline-block}<\/style>\t\t\t\t<ul>\n<li><b>El desmontaje se realiz\u00f3 en el marco de la estrategia para la prevenci\u00f3n de la explotaci\u00f3n sexual y comercial de mujeres, ni\u00f1as, ni\u00f1os y adolescentes.<\/b><\/li>\n<li><b>En enero fueron capturadas 22 personas por abuso y explotaci\u00f3n sexual, gracias a las acciones del Distrito, la Polic\u00eda y la Fiscal\u00eda. <\/b><\/li>\n<\/ul>\t\t\t\t\t\t<\/div>\n\t\t\t\t<\/div>\n\t\t\t\t\t<\/div>\n\t\t<\/div>\n\t\t\t\t\t\t\t<\/div>\n\t\t<\/section>\n\t\t\t\t<section class=\"elementor-section elementor-top-section elementor-element elementor-element-20ad0cd6 elementor-section-boxed elementor-section-height-default elementor-section-height-default\" data-id=\"20ad0cd6\" data-element_type=\"section\">\n\t\t\t\t\t\t<div class=\"elementor-container elementor-column-gap-default\">\n\t\t\t\t\t<div class=\"elementor-column elementor-col-100 elementor-top-column elementor-element elementor-element-197e5ab3\" data-id=\"197e5ab3\" data-element_type=\"column\">\n\t\t\t<div class=\"elementor-widget-wrap elementor-element-populated\">\n\t\t\t\t\t\t\t\t<div class=\"elementor-element elementor-element-7b3d8873 elementor-widget elementor-widget-text-editor\" data-id=\"7b3d8873\" data-element_type=\"widget\" data-widget_type=\"text-editor.default\">\n\t\t\t\t<div class=\"elementor-widget-container\">\n\t\t\t\t\t\t\t<!-- wp:paragraph -->\n<p>La Alcald\u00eda de Medell\u00edn desmont\u00f3 una valla, en el sector de Las Palmas, que cosificaba y sexualizaba a las mujeres. Se trat\u00f3 de un operativo conjunto de la Secretar\u00eda de las Mujeres y la Subsecretar\u00eda de Espacio P\u00fablico, en compa\u00f1\u00eda de la Polic\u00eda Metropolitana del Valle de Aburr\u00e1.&nbsp;<\/p>\n<!-- \/wp:paragraph -->\n\n<!-- wp:paragraph -->\n<p>La valla se refer\u00eda a una p\u00e1gina web que exhibe fotograf\u00edas de mujeres. La Alcald\u00eda de Medell\u00edn, que reconoce la autonom\u00eda y la decisi\u00f3n de las mujeres y el derecho constitucional a la libre expresi\u00f3n, baj\u00f3 la valla publicitaria por promover la hipersexualizaci\u00f3n y favorecer la trata, explotaci\u00f3n sexual, comercial o delitos asociados a viajes y turismo y a la desaparici\u00f3n forzada de mujeres.<\/p>\n<!-- \/wp:paragraph -->\n\n<!-- wp:paragraph -->\n<p>La pieza gr\u00e1fica, que estaba exhibida en El Poblado, incumpli\u00f3 el art\u00edculo 9 de la Ley 140 de 1994 sobre publicidad exterior visual, por vulnerar los derechos e integridad de las mujeres. Por esta raz\u00f3n, la Administraci\u00f3n Distrital, que lidera la promoci\u00f3n, protecci\u00f3n, restituci\u00f3n y garant\u00eda de los derechos de las mujeres, rechaz\u00f3 el contenido de esta y actu\u00f3 para su desmontaje.<\/p>\n<!-- \/wp:paragraph -->\n\n<!-- wp:paragraph -->\n<p><em>\u201cQueremos ser muy claras: tenemos tolerancia cero con la explotaci\u00f3n sexual y comercial de mujeres, ni\u00f1as, ni\u00f1os y adolescentes y la trata de personas. Esta publicidad abre la puerta a la explotaci\u00f3n sexual y en Medell\u00edn le apostamos a un turismo responsable, \u00e9tico y sostenible, que nos brinde oportunidades y no que nos explote, que ponga en riesgo nuestra seguridad, nuestras vidas. Le proponemos a los comerciantes un di\u00e1logo abierto sobre los estereotipos de g\u00e9nero, pero esto no lo vamos a permitir\u201d<\/em>, indic\u00f3 la secretaria de las Mujeres, Ang\u00e9lica Mar\u00eda Ortiz Maya.<\/p>\n<!-- \/wp:paragraph -->\n\n<!-- wp:paragraph -->\n<p>En 2023 se han recibido ocho denuncias por pornograf\u00eda, dos por utilizaci\u00f3n de medios de comunicaci\u00f3n para ofrecer actividades sexuales il\u00edcitas con menores de 18 a\u00f1os, una por inducci\u00f3n a la prostituci\u00f3n, una por proxenetismo y dos por trata de personas.<\/p>\n<!-- \/wp:paragraph -->\n\n<!-- wp:paragraph -->\n<p><em>\u201cComo objeto misional de la Administraci\u00f3n Distrital se debe garantizar el cumplimiento de los procedimientos y actuaciones pertinentes para darle a la ciudad un espacio sano para su disfrute, cuando estos sean vulnerados, por lo cual, al no cumplir con el art\u00edculo 9 de la Ley 140 de 1994 y el art\u00edculo 23 del Acuerdo 036 de 2017, desde la Subsecretar\u00eda de Espacio P\u00fablico procedimos a desmontar la valla, sin perjuicio de la competencia otorgada para desarrollar estrategias y alternativas de control, vigilancia y regulaci\u00f3n en materia de publicidad exterior visual, en el Distrito de Medell\u00edn\u201d<\/em>, afirm\u00f3 el subsecretario de Espacio P\u00fablico, Wilson Alirio Buitrago.&nbsp;<\/p>\n<!-- \/wp:paragraph -->\n\n<!-- wp:paragraph -->\n<p>Desde la Secretar\u00eda de Seguridad y Convivencia se han ofrecido recompensas de hasta $100 millones para quienes ofrezcan informaci\u00f3n que lleve a la captura de los delincuentes dedicados a la explotaci\u00f3n sexual, comercial y trata de personas. A su vez, la Secretar\u00eda de Gobierno decret\u00f3 el toque de queda para menores de edad en las zonas de El Poblado, La 70, La 33 y el Centro de Medell\u00edn.<\/p>\n<!-- \/wp:paragraph -->\n\n<!-- wp:paragraph -->\n<p>Gracias a estas acciones, en enero pasado se capturaron 22 personas por los delitos de abuso y explotaci\u00f3n sexual y se emitieron 17 sentencias.&nbsp;<\/p>\n<!-- \/wp:paragraph -->\t\t\t\t\t\t<\/div>\n\t\t\t\t<\/div>\n\t\t\t\t\t<\/div>\n\t\t<\/div>\n\t\t\t\t\t\t\t<\/div>\n\t\t<\/section>\n\t\t\t\t\t\t\t<\/div>\n\t\t","protected":false},"excerpt":{"rendered":"<p>El desmontaje se realiz\u00f3 en el marco de la estrategia para la prevenci\u00f3n de la explotaci\u00f3n sexual y comercial de mujeres, ni\u00f1as, ni\u00f1os y adolescentes. En enero fueron capturadas 22 personas por abuso y explotaci\u00f3n sexual, gracias a las acciones del Distrito, la Polic\u00eda y la Fiscal\u00eda. La Alcald\u00eda de Medell\u00edn desmont\u00f3 una valla, en [&hellip;]<\/p>\n","protected":false},"author":3,"featured_media":0,"comment_status":"open","ping_status":"open","sticky":false,"template":"","format":"standard","meta":[],"categories":[14,18],"tags":[],"_links":{"self":[{"href":"\/mujeresmedellin\/wp-json\/wp\/v2\/posts\/3651"}],"collection":[{"href":"\/mujeresmedellin\/wp-json\/wp\/v2\/posts"}],"about":[{"href":"\/mujeresmedellin\/wp-json\/wp\/v2\/types\/post"}],"author":[{"embeddable":true,"href":"\/mujeresmedellin\/wp-json\/wp\/v2\/users\/3"}],"replies":[{"embeddable":true,"href":"\/mujeresmedellin\/wp-json\/wp\/v2\/comments?post=3651"}],"version-history":[{"count":7,"href":"\/mujeresmedellin\/wp-json\/wp\/v2\/posts\/3651\/revisions"}],"predecessor-version":[{"id":3738,"href":"\/mujeresmedellin\/wp-json\/wp\/v2\/posts\/3651\/revisions\/3738"}],"wp:attachment":[{"href":"\/mujeresmedellin\/wp-json\/wp\/v2\/media?parent=3651"}],"wp:term":[{"taxonomy":"category","embeddable":true,"href":"\/mujeresmedellin\/wp-json\/wp\/v2\/categories?post=3651"},{"taxonomy":"post_tag","embeddable":true,"href":"\/mujeresmedellin\/wp-json\/wp\/v2\/tags?post=3651"}],"curies":[{"name":"wp","href":"https:\/\/api.w.org\/{rel}","templated":true}]}}