{"id":3666,"date":"2023-03-08T17:43:05","date_gmt":"2023-03-08T22:43:05","guid":{"rendered":"\/mujeresmedellin\/?p=3666"},"modified":"2023-07-13T17:43:30","modified_gmt":"2023-07-13T22:43:30","slug":"en-medellin-se-han-garantizado-los-derechos-y-las-oportunidades-de-las-mujeres-para-lograr-la-igualdad","status":"publish","type":"post","link":"\/mujeresmedellin\/en-medellin-se-han-garantizado-los-derechos-y-las-oportunidades-de-las-mujeres-para-lograr-la-igualdad\/","title":{"rendered":"En Medell\u00edn se han garantizado los derechos y las oportunidades de las mujeres para lograr la igualdad"},"content":{"rendered":"\t\t<div data-elementor-type=\"wp-post\" data-elementor-id=\"3666\" class=\"elementor elementor-3666\">\n\t\t\t\t\t\t\t\t\t<section class=\"elementor-section elementor-top-section elementor-element elementor-element-32264a9 elementor-section-boxed elementor-section-height-default elementor-section-height-default\" data-id=\"32264a9\" data-element_type=\"section\">\n\t\t\t\t\t\t<div class=\"elementor-container elementor-column-gap-default\">\n\t\t\t\t\t<div class=\"elementor-column elementor-col-50 elementor-top-column elementor-element elementor-element-47a37c1\" data-id=\"47a37c1\" data-element_type=\"column\">\n\t\t\t<div class=\"elementor-widget-wrap elementor-element-populated\">\n\t\t\t\t\t\t\t\t<div class=\"elementor-element elementor-element-67fa1ff elementor-widget elementor-widget-image\" data-id=\"67fa1ff\" data-element_type=\"widget\" data-widget_type=\"image.default\">\n\t\t\t\t<div class=\"elementor-widget-container\">\n\t\t\t<style>\/*! elementor - v3.12.2 - 23-04-2023 *\/\n.elementor-widget-image{text-align:center}.elementor-widget-image a{display:inline-block}.elementor-widget-image a img[src$=\".svg\"]{width:48px}.elementor-widget-image img{vertical-align:middle;display:inline-block}<\/style>\t\t\t\t\t\t\t\t\t\t\t\t<img decoding=\"async\" width=\"800\" height=\"534\" src=\"\/mujeresmedellin\/wp-content\/uploads\/2023\/07\/igualdad-mujeres-1-1024x684.jpg\" class=\"attachment-large size-large wp-image-3767\" alt=\"\" loading=\"lazy\" srcset=\"\/mujeresmedellin\/wp-content\/uploads\/2023\/07\/igualdad-mujeres-1-1024x684.jpg 1024w, \/mujeresmedellin\/wp-content\/uploads\/2023\/07\/igualdad-mujeres-1-300x200.jpg 300w, \/mujeresmedellin\/wp-content\/uploads\/2023\/07\/igualdad-mujeres-1-768x513.jpg 768w, \/mujeresmedellin\/wp-content\/uploads\/2023\/07\/igualdad-mujeres-1.jpg 1200w\" sizes=\"(max-width: 800px) 100vw, 800px\" \/>\t\t\t\t\t\t\t\t\t\t\t\t\t\t\t<\/div>\n\t\t\t\t<\/div>\n\t\t\t\t\t<\/div>\n\t\t<\/div>\n\t\t\t\t<div class=\"elementor-column elementor-col-50 elementor-top-column elementor-element elementor-element-dcea343\" data-id=\"dcea343\" data-element_type=\"column\">\n\t\t\t<div class=\"elementor-widget-wrap elementor-element-populated\">\n\t\t\t\t\t\t\t\t<div class=\"elementor-element elementor-element-5992019 elementor-widget elementor-widget-text-editor\" data-id=\"5992019\" data-element_type=\"widget\" data-widget_type=\"text-editor.default\">\n\t\t\t\t<div class=\"elementor-widget-container\">\n\t\t\t<style>\/*! elementor - v3.12.2 - 23-04-2023 *\/\n.elementor-widget-text-editor.elementor-drop-cap-view-stacked .elementor-drop-cap{background-color:#69727d;color:#fff}.elementor-widget-text-editor.elementor-drop-cap-view-framed .elementor-drop-cap{color:#69727d;border:3px solid;background-color:transparent}.elementor-widget-text-editor:not(.elementor-drop-cap-view-default) .elementor-drop-cap{margin-top:8px}.elementor-widget-text-editor:not(.elementor-drop-cap-view-default) .elementor-drop-cap-letter{width:1em;height:1em}.elementor-widget-text-editor .elementor-drop-cap{float:left;text-align:center;line-height:1;font-size:50px}.elementor-widget-text-editor .elementor-drop-cap-letter{display:inline-block}<\/style>\t\t\t\t<p><ul><li><b>17.365 mujeres han recibido asesor\u00eda en derecho a la higiene menstrual y han accedido a la copa menstrual u otras alternativas.<\/b><\/li><li><b>La Secretar\u00eda de las Mujeres ha sensibilizado a 19.014 personas en prevenci\u00f3n de violencia y acoso sexual hacia las mujeres en espacios p\u00fablicos de ciudad.<\/b><\/li><li><b>2.015 mujeres se han formado para la promoci\u00f3n de sus derechos y la igualdad de g\u00e9nero con enfoque interseccional.<\/b><\/li><\/ul><\/p>\t\t\t\t\t\t<\/div>\n\t\t\t\t<\/div>\n\t\t\t\t\t<\/div>\n\t\t<\/div>\n\t\t\t\t\t\t\t<\/div>\n\t\t<\/section>\n\t\t\t\t<section class=\"elementor-section elementor-top-section elementor-element elementor-element-302c1f35 elementor-section-boxed elementor-section-height-default elementor-section-height-default\" data-id=\"302c1f35\" data-element_type=\"section\">\n\t\t\t\t\t\t<div class=\"elementor-container elementor-column-gap-default\">\n\t\t\t\t\t<div class=\"elementor-column elementor-col-100 elementor-top-column elementor-element elementor-element-217bb42a\" data-id=\"217bb42a\" data-element_type=\"column\">\n\t\t\t<div class=\"elementor-widget-wrap elementor-element-populated\">\n\t\t\t\t\t\t\t\t<div class=\"elementor-element elementor-element-6ed39ca2 elementor-widget elementor-widget-text-editor\" data-id=\"6ed39ca2\" data-element_type=\"widget\" data-widget_type=\"text-editor.default\">\n\t\t\t\t<div class=\"elementor-widget-container\">\n\t\t\t\t\t\t\t<!-- wp:paragraph -->\n<p>Para que las mujeres en Medell\u00edn cuenten con las garant\u00edas necesarias y las oportunidades para el goce efectivo de sus derechos, la Alcald\u00eda de Medell\u00edn ha impactado a 108.852 personas (entre enero de 2020 y febrero de 2023) para evitar la discriminaci\u00f3n debido a la identidad de g\u00e9nero. Hoy, 8 de marzo, en la ciudad se conmemora esa lucha por la igualdad, la justicia y los derechos de la mujer.<\/p>\n<!-- \/wp:paragraph -->\n\n<!-- wp:paragraph -->\n<p>Entre las iniciativas institucionales est\u00e1 la promoci\u00f3n de condiciones de vida digna y equitativa, que tiene en funcionamiento tres centros de equidad de g\u00e9nero en las comunas Aranjuez, Castilla y Villa Hermosa, adem\u00e1s de un centro m\u00f3vil que se desplaza por las 16 comunas y cinco corregimientos. Igualmente, 16.421 mujeres han recibido asesor\u00eda para el ejercicio de sus derechos sexuales y reproductivos y 17.365 m\u00e1s acerca de su derecho a la higiene menstrual, con acceso a la copa menstrual u otras alternativas de higiene.<\/p>\n<!-- \/wp:paragraph -->\n\n<!-- wp:paragraph -->\n<p><em>\u201cHemos reconocido nuestro derecho a menstruar dignamente y hemos hecho pedagog\u00eda en que los derechos sexuales y reproductivos nos dan autonom\u00eda y libertad sobre nuestros cuerpos. Entregaremos a Medell\u00edn un Sistema Distrital de Cuidados con enfoque de g\u00e9nero e interseccionalidad. As\u00ed, trabajamos por garantizar los derechos y libertades de las mujeres, porque en Medell\u00edn es el tiempo de las mujeres poderosas\u201d<\/em>, manifest\u00f3 la secretaria de las Mujeres, Ang\u00e9lica Mar\u00eda Ortiz Maya.&nbsp;<\/p>\n<!-- \/wp:paragraph -->\n\n<!-- wp:paragraph -->\n<p>La Administraci\u00f3n Distrital tiene entre sus compromisos generar acciones para promover garant\u00edas en torno a la seguridad y a una vida libre de violencias. Es as\u00ed como 19.014 personas se sensibilizaron en prevenci\u00f3n de violencia y acoso sexual hacia las mujeres en los espacios p\u00fablicos, 16.280 mujeres v\u00edctimas de violencias basadas en g\u00e9nero y\/o en riesgo recibieron orientaci\u00f3n psicol\u00f3gica y jur\u00eddica, 15.266 mujeres v\u00edctimas de violencias basadas en g\u00e9nero accedieron a la atenci\u00f3n de la Agencia Mujer y 359 mujeres v\u00edctimas de violencias basadas en g\u00e9nero en riesgo de feminicidio se beneficiaron con protecci\u00f3n en hogares de acogida.&nbsp;<\/p>\n<!-- \/wp:paragraph -->\n\n<!-- wp:paragraph -->\n<p>Por medio de la estrategia intersectorial <em>#YoDecidoCu\u00e1ndo<\/em>, liderada por el despacho de la gestora social, se ha prevenido y reducido el embarazo adolescente.&nbsp;<\/p>\n<!-- \/wp:paragraph -->\n\n<!-- wp:paragraph -->\n<p><em>\u201cEn 2022, comparado con 2019, m\u00e1s de 1.800 adolescentes dejaron de estar en embarazo. Entre nuestros programas Moda al Barrio, Kaizen y Compra Hecho en Medell\u00edn, m\u00e1s de 1.100 emprendimientos se benefician de estos proyectos. Seguiremos trabajando por la dignificaci\u00f3n de la mujer ind\u00edgena, por las adolescentes para que puedan postergar su maternidad y continuar sus estudios, y por el emprendimiento de la mujer paisa. Un 8M en el que ustedes hablen en sus casas, conmemoren estos d\u00edas y hablen sobre los derechos que a\u00fan nos falta por conquistar, no solo a las mujeres de Medell\u00edn y Colombia sino de todo el mundo\u201d<\/em>, expres\u00f3 la gestora social, Diana Osorio Vanegas.<\/p>\n<!-- \/wp:paragraph -->\n\n<!-- wp:paragraph -->\n<p>La educaci\u00f3n ha sido clave en la transformaci\u00f3n de los contenidos y las pr\u00e1cticas sexistas y discriminatorias en la ciudad. Gracias a la Alcald\u00eda de Medell\u00edn, 2.015 mujeres se han formado para la promoci\u00f3n de sus derechos y la igualdad de g\u00e9nero con enfoque interseccional, 79 expresiones organizativas para la promoci\u00f3n y el ejercicio de los derechos de las mujeres han recibido asistencia t\u00e9cnica y se ha logrado la participaci\u00f3n de 657 mujeres en procesos pol\u00edticos y de movilizaci\u00f3n para la construcci\u00f3n de paz, entre otras acciones.<\/p>\n<!-- \/wp:paragraph -->\n\n<!-- wp:paragraph -->\n<p>Hace 10 a\u00f1os entr\u00f3 en funcionamiento la L\u00ednea 123 Agencia Mujer, que hoy ofrece servicios de informaci\u00f3n, orientaci\u00f3n psicol\u00f3gica, intervenci\u00f3n en crisis, asesor\u00eda y acompa\u00f1amiento jur\u00eddico y psicosocial en campo para gestionar que las mujeres accedan a sus derechos y activen las rutas de atenci\u00f3n en salud, protecci\u00f3n y justicia. Con corte al 17 de enero de este a\u00f1o se atendieron 43.946 eventos reportados.&nbsp;<\/p>\n<!-- \/wp:paragraph -->\n\n<!-- wp:paragraph -->\n<p><em>\u201cNosotras, como mujeres ind\u00edgenas, hemos sufrido violencias, f\u00edsicas, emocionales y espirituales. Hoy estamos aqu\u00ed, presentes alzando esa voz para seguir en nuestra resistencia, en nuestra lucha por defender la vida, por defender que tambi\u00e9n somos mujeres capaces de liderar procesos, de estar en muchos y en diferentes espacios pol\u00edticos, de educaci\u00f3n y sociales. Tambi\u00e9n, como mujeres ind\u00edgenas, tenemos esa gran capacidad de estar y de guiar a nuestras comunidades, nuestros pueblos, desde el respeto, desde la autonom\u00eda, desde el gobierno propio\u201d,<\/em> dijo la mam\u00e1 ex gobernadora del cabildo Inga y Kametsa, Mar\u00eda Isabel Jansasoy Jansasoy.<\/p>\n<!-- \/wp:paragraph -->\n\n<!-- wp:paragraph -->\n<p>En Medell\u00edn es el tiempo de las mujeres poderosas que transforman la sociedad. La administraci\u00f3n trabaja por feminizar los espacios de participaci\u00f3n, con la orientaci\u00f3n de 36 proyectos de inversi\u00f3n con el trazador presupuestal de equidad para las mujeres, orientaci\u00f3n en siete instrumentos de planeaci\u00f3n para que sean elaborados y\/o actualizados con enfoque de g\u00e9nero y la atenci\u00f3n de 64.684 mujeres en los programas y proyectos de la Administraci\u00f3n Distrital, marcados con el trazador presupuestal Equidad de la Mujer.<\/p>\n<!-- \/wp:paragraph -->\t\t\t\t\t\t<\/div>\n\t\t\t\t<\/div>\n\t\t\t\t\t<\/div>\n\t\t<\/div>\n\t\t\t\t\t\t\t<\/div>\n\t\t<\/section>\n\t\t\t\t\t\t\t<\/div>\n\t\t","protected":false},"excerpt":{"rendered":"<p>17.365 mujeres han recibido asesor\u00eda en derecho a la higiene menstrual y han accedido a la copa menstrual u otras alternativas. La Secretar\u00eda de las Mujeres ha sensibilizado a 19.014 personas en prevenci\u00f3n de violencia y acoso sexual hacia las mujeres en espacios p\u00fablicos de ciudad. 2.015 mujeres se han formado para la promoci\u00f3n de [&hellip;]<\/p>\n","protected":false},"author":3,"featured_media":0,"comment_status":"open","ping_status":"open","sticky":false,"template":"","format":"standard","meta":[],"categories":[14,18],"tags":[],"_links":{"self":[{"href":"\/mujeresmedellin\/wp-json\/wp\/v2\/posts\/3666"}],"collection":[{"href":"\/mujeresmedellin\/wp-json\/wp\/v2\/posts"}],"about":[{"href":"\/mujeresmedellin\/wp-json\/wp\/v2\/types\/post"}],"author":[{"embeddable":true,"href":"\/mujeresmedellin\/wp-json\/wp\/v2\/users\/3"}],"replies":[{"embeddable":true,"href":"\/mujeresmedellin\/wp-json\/wp\/v2\/comments?post=3666"}],"version-history":[{"count":7,"href":"\/mujeresmedellin\/wp-json\/wp\/v2\/posts\/3666\/revisions"}],"predecessor-version":[{"id":3770,"href":"\/mujeresmedellin\/wp-json\/wp\/v2\/posts\/3666\/revisions\/3770"}],"wp:attachment":[{"href":"\/mujeresmedellin\/wp-json\/wp\/v2\/media?parent=3666"}],"wp:term":[{"taxonomy":"category","embeddable":true,"href":"\/mujeresmedellin\/wp-json\/wp\/v2\/categories?post=3666"},{"taxonomy":"post_tag","embeddable":true,"href":"\/mujeresmedellin\/wp-json\/wp\/v2\/tags?post=3666"}],"curies":[{"name":"wp","href":"https:\/\/api.w.org\/{rel}","templated":true}]}}