{"id":3674,"date":"2023-03-06T17:47:25","date_gmt":"2023-03-06T22:47:25","guid":{"rendered":"\/mujeresmedellin\/?p=3674"},"modified":"2023-08-23T09:40:20","modified_gmt":"2023-08-23T14:40:20","slug":"mujeres-de-medellin-conmemoran-el-8m-con-actividades-culturales-y-acceso-a-la-oferta-institucional","status":"publish","type":"post","link":"\/mujeresmedellin\/mujeres-de-medellin-conmemoran-el-8m-con-actividades-culturales-y-acceso-a-la-oferta-institucional\/","title":{"rendered":"Mujeres de Medell\u00edn conmemoran el 8M con actividades culturales y acceso a la oferta institucional"},"content":{"rendered":"\t\t<div data-elementor-type=\"wp-post\" data-elementor-id=\"3674\" class=\"elementor elementor-3674\">\n\t\t\t\t\t\t\t\t\t<section class=\"elementor-section elementor-top-section elementor-element elementor-element-d5cc5b3 elementor-section-boxed elementor-section-height-default elementor-section-height-default\" data-id=\"d5cc5b3\" data-element_type=\"section\">\n\t\t\t\t\t\t<div class=\"elementor-container elementor-column-gap-default\">\n\t\t\t\t\t<div class=\"elementor-column elementor-col-50 elementor-top-column elementor-element elementor-element-4362882\" data-id=\"4362882\" data-element_type=\"column\">\n\t\t\t<div class=\"elementor-widget-wrap elementor-element-populated\">\n\t\t\t\t\t\t\t\t<div class=\"elementor-element elementor-element-2f14b77 elementor-widget elementor-widget-image\" data-id=\"2f14b77\" data-element_type=\"widget\" data-widget_type=\"image.default\">\n\t\t\t\t<div class=\"elementor-widget-container\">\n\t\t\t<style>\/*! elementor - v3.12.2 - 23-04-2023 *\/\n.elementor-widget-image{text-align:center}.elementor-widget-image a{display:inline-block}.elementor-widget-image a img[src$=\".svg\"]{width:48px}.elementor-widget-image img{vertical-align:middle;display:inline-block}<\/style>\t\t\t\t\t\t\t\t\t\t\t\t<img decoding=\"async\" width=\"800\" height=\"534\" src=\"\/mujeresmedellin\/wp-content\/uploads\/2023\/03\/mujeres-8m-1-1024x683.jpg\" class=\"attachment-large size-large wp-image-3802\" alt=\"\" loading=\"lazy\" srcset=\"\/mujeresmedellin\/wp-content\/uploads\/2023\/03\/mujeres-8m-1-1024x683.jpg 1024w, \/mujeresmedellin\/wp-content\/uploads\/2023\/03\/mujeres-8m-1-300x200.jpg 300w, \/mujeresmedellin\/wp-content\/uploads\/2023\/03\/mujeres-8m-1-768x512.jpg 768w, \/mujeresmedellin\/wp-content\/uploads\/2023\/03\/mujeres-8m-1.jpg 1200w\" sizes=\"(max-width: 800px) 100vw, 800px\" \/>\t\t\t\t\t\t\t\t\t\t\t\t\t\t\t<\/div>\n\t\t\t\t<\/div>\n\t\t\t\t\t<\/div>\n\t\t<\/div>\n\t\t\t\t<div class=\"elementor-column elementor-col-50 elementor-top-column elementor-element elementor-element-49b8072\" data-id=\"49b8072\" data-element_type=\"column\">\n\t\t\t<div class=\"elementor-widget-wrap elementor-element-populated\">\n\t\t\t\t\t\t\t\t<div class=\"elementor-element elementor-element-f56050a elementor-widget elementor-widget-text-editor\" data-id=\"f56050a\" data-element_type=\"widget\" data-widget_type=\"text-editor.default\">\n\t\t\t\t<div class=\"elementor-widget-container\">\n\t\t\t<style>\/*! elementor - v3.12.2 - 23-04-2023 *\/\n.elementor-widget-text-editor.elementor-drop-cap-view-stacked .elementor-drop-cap{background-color:#69727d;color:#fff}.elementor-widget-text-editor.elementor-drop-cap-view-framed .elementor-drop-cap{color:#69727d;border:3px solid;background-color:transparent}.elementor-widget-text-editor:not(.elementor-drop-cap-view-default) .elementor-drop-cap{margin-top:8px}.elementor-widget-text-editor:not(.elementor-drop-cap-view-default) .elementor-drop-cap-letter{width:1em;height:1em}.elementor-widget-text-editor .elementor-drop-cap{float:left;text-align:center;line-height:1;font-size:50px}.elementor-widget-text-editor .elementor-drop-cap-letter{display:inline-block}<\/style>\t\t\t\t<ul>\n<li><b>Este mi\u00e9rcoles, desde las 8:00 a.m., la plazoleta de La Alpujarra ser\u00e1 el escenario para conmemorar la igualdad, la justicia y los derechos de la mujer.<\/b><\/li>\n<li><b>En siete estaciones se ofrecer\u00e1n servicios para la sensibilizaci\u00f3n del autocuidado de las mujeres.<\/b><\/li>\n<li><b>Habr\u00e1 juegos tradicionales, flash tattoo, pruebas de VIH y s\u00edfilis, talleres de bordados, entre otros. <\/b><\/li>\n<\/ul>\t\t\t\t\t\t<\/div>\n\t\t\t\t<\/div>\n\t\t\t\t\t<\/div>\n\t\t<\/div>\n\t\t\t\t\t\t\t<\/div>\n\t\t<\/section>\n\t\t\t\t<section class=\"elementor-section elementor-top-section elementor-element elementor-element-631061f elementor-section-boxed elementor-section-height-default elementor-section-height-default\" data-id=\"631061f\" data-element_type=\"section\">\n\t\t\t\t\t\t<div class=\"elementor-container elementor-column-gap-default\">\n\t\t\t\t\t<div class=\"elementor-column elementor-col-100 elementor-top-column elementor-element elementor-element-6ab5944f\" data-id=\"6ab5944f\" data-element_type=\"column\">\n\t\t\t<div class=\"elementor-widget-wrap elementor-element-populated\">\n\t\t\t\t\t\t\t\t<div class=\"elementor-element elementor-element-7b8efe22 elementor-widget elementor-widget-text-editor\" data-id=\"7b8efe22\" data-element_type=\"widget\" data-widget_type=\"text-editor.default\">\n\t\t\t\t<div class=\"elementor-widget-container\">\n\t\t\t\t\t\t\t<!-- wp:paragraph -->\n<p>Medell\u00edn conmemora este mi\u00e9rcoles el 8M, como s\u00edmbolo de la lucha por la igualdad, la justicia y los derechos de las mujeres. El evento, que se realizar\u00e1 en la plazoleta de La Alpujarra, contar\u00e1 con actividades art\u00edsticas y l\u00fadicas, entre ellas juegos tradicionales, talleres de bordados, flash tattoo y la oferta institucional de la Alcald\u00eda de Medell\u00edn, desde las 7:00 a. m. hasta las 2:00 p. m.&nbsp;<\/p>\n<!-- \/wp:paragraph -->\n\n<!-- wp:paragraph -->\n<p><em>\u201cCon la Feria de las Mujeres Poderosas conmemoramos las luchas hist\u00f3ricas de aquellas que permitieron que hoy las mujeres de Medell\u00edn gocemos de derechos y libertades. Tendremos un espacio para todas las mujeres de Medell\u00edn, al que tambi\u00e9n est\u00e1n invitados los hombres. De forma divertida y novedosa, queremos poner en la agenda p\u00fablica nuestra voz, los retos que a\u00fan tenemos en cuanto al acceso a derechos. En Medell\u00edn es el tiempo de las mujeres poderosas\u201d,<\/em> afirm\u00f3 la secretaria de las Mujeres, Ang\u00e9lica Mar\u00eda Ortiz Maya.<\/p>\n<!-- \/wp:paragraph -->\n\n<!-- wp:paragraph -->\n<p>De 8:00 a. m. a 2:00 p. m. habr\u00e1 siete estaciones con actividades permanentes relacionadas con prevenci\u00f3n de violencias, tamizaje de riesgo cardiovascular, masculinidades, talleres de tejidos y lenguas ind\u00edgenas, customizaci\u00f3n de gorras, tote bags y pa\u00f1oletas, Mercado Joven, Hecho en Medell\u00edn y Hecho en Paz, flash tattoo y escuchadero, entre otras.&nbsp;<\/p>\n<!-- \/wp:paragraph -->\n\n<!-- wp:paragraph -->\n<p><em>\u201cEsta es una invitaci\u00f3n muy especial, es el tiempo de las mujeres poderosas. Les quiero invitar para que nos acompa\u00f1en este 8 de marzo a la programaci\u00f3n que vamos a tener en la plazoleta de La Alpujarra. \u00a1No se la pierdan!\u201d,<\/em> expres\u00f3 la comediante, Mar\u00eda Zulima Ochoa Jim\u00e9nez.&nbsp;<\/p>\n<!-- \/wp:paragraph -->\n\n<!-- wp:paragraph -->\n<p>La jornada abrir\u00e1 con un ritual de armonizaci\u00f3n realizado por mujeres ind\u00edgenas, un espacio para solicitar permiso, agradecer a los guardianes del territorio, la madre tierra, a los abuelos y abuelas, para que la palabra y el trabajo fluyan en armon\u00eda. Despu\u00e9s habr\u00e1 un desfile honor\u00edfico de las mujeres que representan diferentes roles en la sociedad, una activaci\u00f3n de escritura colectiva y se celebrar\u00e1n diez a\u00f1os de la L\u00ednea 123 Agencia Mujer. Adicionalmente, se presentar\u00e1 un <em>stand up comedy<\/em> de Zulyma y la jornada finalizar\u00e1 con un p\u00f3dcast de <em>Mujeres Poderosas<\/em>.<\/p>\n<!-- \/wp:paragraph -->\n\n<!-- wp:paragraph -->\n<p>La gestora social Diana Osorio liderar\u00e1 las actividades de la fecha, como parte de su agenda para promover escenarios que reivindiquen los derechos de todas las mujeres poderosas de Medell\u00edn.<\/p>\n<!-- \/wp:paragraph -->\n\n<!-- wp:paragraph -->\n<p>La Secretar\u00eda de las Mujeres reconoce el papel que tienen las masculinidades corresponsables y no violentas en la lucha por la equidad de g\u00e9nero. Por eso, la feria contar\u00e1 con una estaci\u00f3n para tomarse un caf\u00e9 y hablar del compromiso de los hombres para garantizar a las mujeres una vida libre de violencias.<\/p>\n<!-- \/wp:paragraph -->\n\n<!-- wp:paragraph -->\n<p>En Medell\u00edn es el tiempo de las mujeres poderosas que transforman la sociedad, por eso, en alianza con Int\u00e9grate y USAID, se invit\u00f3 a mujeres migrantes, a quienes se les acercar\u00e1 oferta institucional en salud, seguridad social y entrega de documentos de identificaci\u00f3n para que accedan a todos sus derechos.&nbsp;<\/p>\n<!-- \/wp:paragraph -->\n\n<!-- wp:paragraph -->\n<p>A partir del 8 de marzo, la ciudadan\u00eda puede descargar una aplicaci\u00f3n de dispositivos m\u00f3viles llamada <em>\u201cMachist\u00f3metro\u201d<\/em>, un test para medir comportamientos que reproducen roles de g\u00e9nero y estereotipos machistas.<\/p>\n<!-- \/wp:paragraph -->\n\n<!-- wp:paragraph -->\n<p>Este a\u00f1o, la celebraci\u00f3n de la lucha por la igualdad, la justicia y los derechos de las mujeres se concentrar\u00e1 en las sensibilizaciones a todas las dependencias de la alcald\u00eda, lo que se suma a una agenda acad\u00e9mica que incluye la <em>pegat\u00f3n<\/em> de los dec\u00e1logos de las mujeres en instituciones educativas de la ciudad.&nbsp;<\/p>\n<!-- \/wp:paragraph -->\t\t\t\t\t\t<\/div>\n\t\t\t\t<\/div>\n\t\t\t\t\t<\/div>\n\t\t<\/div>\n\t\t\t\t\t\t\t<\/div>\n\t\t<\/section>\n\t\t\t\t\t\t\t<\/div>\n\t\t","protected":false},"excerpt":{"rendered":"<p>Este mi\u00e9rcoles, desde las 8:00 a.m., la plazoleta de La Alpujarra ser\u00e1 el escenario para conmemorar la igualdad, la justicia y los derechos de la mujer. En siete estaciones se ofrecer\u00e1n servicios para la sensibilizaci\u00f3n del autocuidado de las mujeres. Habr\u00e1 juegos tradicionales, flash tattoo, pruebas de VIH y s\u00edfilis, talleres de bordados, entre otros. [&hellip;]<\/p>\n","protected":false},"author":3,"featured_media":3751,"comment_status":"open","ping_status":"open","sticky":false,"template":"","format":"standard","meta":[],"categories":[14,18,8],"tags":[],"_links":{"self":[{"href":"\/mujeresmedellin\/wp-json\/wp\/v2\/posts\/3674"}],"collection":[{"href":"\/mujeresmedellin\/wp-json\/wp\/v2\/posts"}],"about":[{"href":"\/mujeresmedellin\/wp-json\/wp\/v2\/types\/post"}],"author":[{"embeddable":true,"href":"\/mujeresmedellin\/wp-json\/wp\/v2\/users\/3"}],"replies":[{"embeddable":true,"href":"\/mujeresmedellin\/wp-json\/wp\/v2\/comments?post=3674"}],"version-history":[{"count":9,"href":"\/mujeresmedellin\/wp-json\/wp\/v2\/posts\/3674\/revisions"}],"predecessor-version":[{"id":3820,"href":"\/mujeresmedellin\/wp-json\/wp\/v2\/posts\/3674\/revisions\/3820"}],"wp:featuredmedia":[{"embeddable":true,"href":"\/mujeresmedellin\/wp-json\/wp\/v2\/media\/3751"}],"wp:attachment":[{"href":"\/mujeresmedellin\/wp-json\/wp\/v2\/media?parent=3674"}],"wp:term":[{"taxonomy":"category","embeddable":true,"href":"\/mujeresmedellin\/wp-json\/wp\/v2\/categories?post=3674"},{"taxonomy":"post_tag","embeddable":true,"href":"\/mujeresmedellin\/wp-json\/wp\/v2\/tags?post=3674"}],"curies":[{"name":"wp","href":"https:\/\/api.w.org\/{rel}","templated":true}]}}