{"id":3679,"date":"2023-03-28T17:50:09","date_gmt":"2023-03-28T22:50:09","guid":{"rendered":"\/mujeresmedellin\/?p=3679"},"modified":"2023-07-13T16:01:10","modified_gmt":"2023-07-13T21:01:10","slug":"medellin-promueve-el-derecho-a-menstruar-dignamente-con-la-entrega-de-25-000-insumos-a-mujeres","status":"publish","type":"post","link":"\/mujeresmedellin\/medellin-promueve-el-derecho-a-menstruar-dignamente-con-la-entrega-de-25-000-insumos-a-mujeres\/","title":{"rendered":"Medell\u00edn promueve el derecho a menstruar dignamente con la entrega de 25.000 insumos a mujeres"},"content":{"rendered":"\t\t<div data-elementor-type=\"wp-post\" data-elementor-id=\"3679\" class=\"elementor elementor-3679\">\n\t\t\t\t\t\t\t\t\t<section class=\"elementor-section elementor-top-section elementor-element elementor-element-36d4292 elementor-section-boxed elementor-section-height-default elementor-section-height-default\" data-id=\"36d4292\" data-element_type=\"section\">\n\t\t\t\t\t\t<div class=\"elementor-container elementor-column-gap-default\">\n\t\t\t\t\t<div class=\"elementor-column elementor-col-50 elementor-top-column elementor-element elementor-element-0c7e60a\" data-id=\"0c7e60a\" data-element_type=\"column\">\n\t\t\t<div class=\"elementor-widget-wrap elementor-element-populated\">\n\t\t\t\t\t\t\t\t<div class=\"elementor-element elementor-element-1d25498 elementor-widget elementor-widget-image\" data-id=\"1d25498\" data-element_type=\"widget\" data-widget_type=\"image.default\">\n\t\t\t\t<div class=\"elementor-widget-container\">\n\t\t\t<style>\/*! elementor - v3.12.2 - 23-04-2023 *\/\n.elementor-widget-image{text-align:center}.elementor-widget-image a{display:inline-block}.elementor-widget-image a img[src$=\".svg\"]{width:48px}.elementor-widget-image img{vertical-align:middle;display:inline-block}<\/style>\t\t\t\t\t\t\t\t\t\t\t\t<img decoding=\"async\" width=\"800\" height=\"534\" src=\"\/mujeresmedellin\/wp-content\/uploads\/2023\/07\/WRP8919-min-1024x684.jpg\" class=\"attachment-large size-large wp-image-3724\" alt=\"\" loading=\"lazy\" srcset=\"\/mujeresmedellin\/wp-content\/uploads\/2023\/07\/WRP8919-min-1024x684.jpg 1024w, \/mujeresmedellin\/wp-content\/uploads\/2023\/07\/WRP8919-min-300x200.jpg 300w, \/mujeresmedellin\/wp-content\/uploads\/2023\/07\/WRP8919-min-768x513.jpg 768w, \/mujeresmedellin\/wp-content\/uploads\/2023\/07\/WRP8919-min-1536x1025.jpg 1536w, \/mujeresmedellin\/wp-content\/uploads\/2023\/07\/WRP8919-min-2048x1367.jpg 2048w\" sizes=\"(max-width: 800px) 100vw, 800px\" \/>\t\t\t\t\t\t\t\t\t\t\t\t\t\t\t<\/div>\n\t\t\t\t<\/div>\n\t\t\t\t\t<\/div>\n\t\t<\/div>\n\t\t\t\t<div class=\"elementor-column elementor-col-50 elementor-top-column elementor-element elementor-element-9b241f7\" data-id=\"9b241f7\" data-element_type=\"column\">\n\t\t\t<div class=\"elementor-widget-wrap elementor-element-populated\">\n\t\t\t\t\t\t\t\t<div class=\"elementor-element elementor-element-972085b elementor-widget elementor-widget-text-editor\" data-id=\"972085b\" data-element_type=\"widget\" data-widget_type=\"text-editor.default\">\n\t\t\t\t<div class=\"elementor-widget-container\">\n\t\t\t<style>\/*! elementor - v3.12.2 - 23-04-2023 *\/\n.elementor-widget-text-editor.elementor-drop-cap-view-stacked .elementor-drop-cap{background-color:#69727d;color:#fff}.elementor-widget-text-editor.elementor-drop-cap-view-framed .elementor-drop-cap{color:#69727d;border:3px solid;background-color:transparent}.elementor-widget-text-editor:not(.elementor-drop-cap-view-default) .elementor-drop-cap{margin-top:8px}.elementor-widget-text-editor:not(.elementor-drop-cap-view-default) .elementor-drop-cap-letter{width:1em;height:1em}.elementor-widget-text-editor .elementor-drop-cap{float:left;text-align:center;line-height:1;font-size:50px}.elementor-widget-text-editor .elementor-drop-cap-letter{display:inline-block}<\/style>\t\t\t\t<p><ul><li><b>En el mes de abril Medell\u00edn entregar\u00e1 900 insumos m\u00e1s para la gesti\u00f3n menstrual, con lo cual se ubica en un 69% de la meta del cuatrienio para dignificar el derecho a menstruar. <\/b><\/li><li><b>Cada entrega de insumos va acompa\u00f1ada de micro sesiones de sensibilizaci\u00f3n sobre el derecho emergente a la menstruaci\u00f3n digna.<\/b><\/li><li><b>Todos los insumos entregados son reutilizables y priorizan a las mujeres en condiciones de vulnerabilidad econ\u00f3mica, social o de acceso a servicios p\u00fablicos.<\/b><\/li><\/ul><\/p>\t\t\t\t\t\t<\/div>\n\t\t\t\t<\/div>\n\t\t\t\t\t<\/div>\n\t\t<\/div>\n\t\t\t\t\t\t\t<\/div>\n\t\t<\/section>\n\t\t\t\t<section class=\"elementor-section elementor-top-section elementor-element elementor-element-641e80cc elementor-section-boxed elementor-section-height-default elementor-section-height-default\" data-id=\"641e80cc\" data-element_type=\"section\">\n\t\t\t\t\t\t<div class=\"elementor-container elementor-column-gap-default\">\n\t\t\t\t\t<div class=\"elementor-column elementor-col-100 elementor-top-column elementor-element elementor-element-69c7f34b\" data-id=\"69c7f34b\" data-element_type=\"column\">\n\t\t\t<div class=\"elementor-widget-wrap elementor-element-populated\">\n\t\t\t\t\t\t\t\t<div class=\"elementor-element elementor-element-2f83b3e6 elementor-widget elementor-widget-text-editor\" data-id=\"2f83b3e6\" data-element_type=\"widget\" data-widget_type=\"text-editor.default\">\n\t\t\t\t<div class=\"elementor-widget-container\">\n\t\t\t\t\t\t\t<!-- wp:paragraph -->\n<p>La Alcald\u00eda de Medell\u00edn, para garantizar el derecho de las mujeres de menstruar dignamente se propuso sensibilizar a esta poblaci\u00f3n sobre su derecho a trav\u00e9s de la entrega de 25.000 insumos sostenibles durante el cuatrienio. Hoy la meta se encuentra en un 69% de avance.&nbsp;<\/p>\n<!-- \/wp:paragraph -->\n\n<!-- wp:paragraph -->\n<p>Durante el mes de abril se llevar\u00e1 a cabo la entrega de 900 insumos a mujeres en condiciones de vulnerabilidad o barreras de acceso a implementos para gestionar su periodo menstrual. Cada sesi\u00f3n de entrega busca sensibilizar a las mujeres sobre su derecho, enfatizando en derribar el tab\u00fa sobre la sangre menstrual y concientizando sobre el hecho biol\u00f3gico de las mujeres a menstruar sin ser juzgadas. La primera sesi\u00f3n programada para el mes se llevar\u00e1 a cabo el 1 de abril en la Biblioteca San Antonio de Prado, ubicada en el corregimiento, de&nbsp; 4:00 a 5:00 pm.&nbsp;<\/p>\n<!-- \/wp:paragraph -->\n\n<!-- wp:paragraph -->\n<p><em>\u201cEn Medell\u00edn somos pioneras a nivel nacional en el reconocimiento del derecho a menstruar dignamente. Llevamos 17.365 mujeres sensibilizadas y que reciben insumos de larga duraci\u00f3n como toallas reutilizables y copas para gestionar su menstruaci\u00f3n, esto equivale al 69% de la meta que tenemos para el cuatrienio. As\u00ed trabajamos para que las mujeres de Medell\u00edn tengamos garant\u00edas para menstruar dignamente y sin estigmas\u201d, <\/em>manifest\u00f3 la secretaria de las Mujeres, Ang\u00e9lica Mar\u00eda Ortiz Maya.<\/p>\n<!-- \/wp:paragraph -->\n\n<!-- wp:paragraph -->\n<p>La salud menstrual es un tema de salud p\u00fablica que afecta a una gran poblaci\u00f3n. Con esta estrategia la Alcald\u00eda de Medell\u00edn busca que las mujeres y personas menstruantes tengan acceso a los productos necesarios para gestionar su menstruaci\u00f3n de manera segura y saludable.<\/p>\n<!-- \/wp:paragraph -->\n\n<!-- wp:paragraph -->\n<p><em>\u201cMe parece que estas actividades son muy informativas y acertadas. Nos aclararon much\u00edsimas dudas y qued\u00e9 muy conforme con la informaci\u00f3n que nos brindaron. Ahora, cuando mi hermana tenga dudas, sabr\u00e9 qu\u00e9 responder\u201d, <\/em>afirm\u00f3 Karla Asprilla, estudiante de la Instituci\u00f3n Educativa Monse\u00f1or Victor Wiedeman.\u00a0<\/p>\n<!-- \/wp:paragraph -->\n\n<!-- wp:paragraph -->\n<p>Entre las principales beneficiarias se encuentran mujeres en situaci\u00f3n de pobreza extrema, recicladoras, vendedoras informales, privadas de la libertad, mujeres con discapacidad, habitantes de calle, ind\u00edgenas y afrodescendientes en condiciones de pobreza, VIH positivas, migrantes, mujeres en ejercicio de la prostituci\u00f3n, v\u00edctimas de violencias basdas en g\u00e9nero, v\u00edctimas del conflicto armado, mujeres rurales y hombres trans.<\/p>\n<!-- \/wp:paragraph -->\n\n<!-- wp:paragraph -->\n<p>Cada entrega estar\u00e1 acompa\u00f1ada de activaciones, lideradas por el equipo t\u00e9cnico y profesional de la Secretar\u00eda de las Mujeres, quienes explican el uso de estos elementos, incentivan el conocimiento del cuerpo e invitan a eliminar estigmas, prejuicios y creencias que se han mantenido en el tiempo y que entorpecen el acceso de las ni\u00f1as, las mujeres y las personas menstruantes a una salud sexual, menstrual y reproductiva plena y digna.&nbsp;<\/p>\n<!-- \/wp:paragraph -->\t\t\t\t\t\t<\/div>\n\t\t\t\t<\/div>\n\t\t\t\t\t<\/div>\n\t\t<\/div>\n\t\t\t\t\t\t\t<\/div>\n\t\t<\/section>\n\t\t\t\t\t\t\t<\/div>\n\t\t","protected":false},"excerpt":{"rendered":"<p>En el mes de abril Medell\u00edn entregar\u00e1 900 insumos m\u00e1s para la gesti\u00f3n menstrual, con lo cual se ubica en un 69% de la meta del cuatrienio para dignificar el derecho a menstruar. Cada entrega de insumos va acompa\u00f1ada de micro sesiones de sensibilizaci\u00f3n sobre el derecho emergente a la menstruaci\u00f3n digna. Todos los insumos [&hellip;]<\/p>\n","protected":false},"author":3,"featured_media":0,"comment_status":"open","ping_status":"open","sticky":false,"template":"","format":"standard","meta":[],"categories":[14,18],"tags":[],"_links":{"self":[{"href":"\/mujeresmedellin\/wp-json\/wp\/v2\/posts\/3679"}],"collection":[{"href":"\/mujeresmedellin\/wp-json\/wp\/v2\/posts"}],"about":[{"href":"\/mujeresmedellin\/wp-json\/wp\/v2\/types\/post"}],"author":[{"embeddable":true,"href":"\/mujeresmedellin\/wp-json\/wp\/v2\/users\/3"}],"replies":[{"embeddable":true,"href":"\/mujeresmedellin\/wp-json\/wp\/v2\/comments?post=3679"}],"version-history":[{"count":10,"href":"\/mujeresmedellin\/wp-json\/wp\/v2\/posts\/3679\/revisions"}],"predecessor-version":[{"id":3745,"href":"\/mujeresmedellin\/wp-json\/wp\/v2\/posts\/3679\/revisions\/3745"}],"wp:attachment":[{"href":"\/mujeresmedellin\/wp-json\/wp\/v2\/media?parent=3679"}],"wp:term":[{"taxonomy":"category","embeddable":true,"href":"\/mujeresmedellin\/wp-json\/wp\/v2\/categories?post=3679"},{"taxonomy":"post_tag","embeddable":true,"href":"\/mujeresmedellin\/wp-json\/wp\/v2\/tags?post=3679"}],"curies":[{"name":"wp","href":"https:\/\/api.w.org\/{rel}","templated":true}]}}