{"id":3694,"date":"2023-04-02T17:57:31","date_gmt":"2023-04-02T22:57:31","guid":{"rendered":"\/mujeresmedellin\/?p=3694"},"modified":"2023-07-13T17:51:21","modified_gmt":"2023-07-13T22:51:21","slug":"mecanismos-de-atencion-para-victimas-de-violencias-basadas-en-genero-estaran-activos-durante-semana-santa","status":"publish","type":"post","link":"\/mujeresmedellin\/mecanismos-de-atencion-para-victimas-de-violencias-basadas-en-genero-estaran-activos-durante-semana-santa\/","title":{"rendered":"Mecanismos de atenci\u00f3n para v\u00edctimas de violencias basadas en g\u00e9nero estar\u00e1n activos durante Semana Santa"},"content":{"rendered":"\t\t<div data-elementor-type=\"wp-post\" data-elementor-id=\"3694\" class=\"elementor elementor-3694\">\n\t\t\t\t\t\t\t\t\t<section class=\"elementor-section elementor-top-section elementor-element elementor-element-46ea4bd elementor-section-boxed elementor-section-height-default elementor-section-height-default\" data-id=\"46ea4bd\" data-element_type=\"section\">\n\t\t\t\t\t\t<div class=\"elementor-container elementor-column-gap-default\">\n\t\t\t\t\t<div class=\"elementor-column elementor-col-50 elementor-top-column elementor-element elementor-element-9efb3be\" data-id=\"9efb3be\" data-element_type=\"column\">\n\t\t\t<div class=\"elementor-widget-wrap elementor-element-populated\">\n\t\t\t\t\t\t\t\t<div class=\"elementor-element elementor-element-5f78677 elementor-widget elementor-widget-image\" data-id=\"5f78677\" data-element_type=\"widget\" data-widget_type=\"image.default\">\n\t\t\t\t<div class=\"elementor-widget-container\">\n\t\t\t<style>\/*! elementor - v3.12.2 - 23-04-2023 *\/\n.elementor-widget-image{text-align:center}.elementor-widget-image a{display:inline-block}.elementor-widget-image a img[src$=\".svg\"]{width:48px}.elementor-widget-image img{vertical-align:middle;display:inline-block}<\/style>\t\t\t\t\t\t\t\t\t\t\t\t<img decoding=\"async\" width=\"800\" height=\"534\" src=\"\/mujeresmedellin\/wp-content\/uploads\/2023\/04\/mecanismos-de-atencion-para-victimas-1024x684.jpg\" class=\"attachment-large size-large wp-image-3782\" alt=\"\" loading=\"lazy\" srcset=\"\/mujeresmedellin\/wp-content\/uploads\/2023\/04\/mecanismos-de-atencion-para-victimas-1024x684.jpg 1024w, \/mujeresmedellin\/wp-content\/uploads\/2023\/04\/mecanismos-de-atencion-para-victimas-300x200.jpg 300w, \/mujeresmedellin\/wp-content\/uploads\/2023\/04\/mecanismos-de-atencion-para-victimas-768x513.jpg 768w, \/mujeresmedellin\/wp-content\/uploads\/2023\/04\/mecanismos-de-atencion-para-victimas.jpg 1200w\" sizes=\"(max-width: 800px) 100vw, 800px\" \/>\t\t\t\t\t\t\t\t\t\t\t\t\t\t\t<\/div>\n\t\t\t\t<\/div>\n\t\t\t\t\t<\/div>\n\t\t<\/div>\n\t\t\t\t<div class=\"elementor-column elementor-col-50 elementor-top-column elementor-element elementor-element-3ff0b8d\" data-id=\"3ff0b8d\" data-element_type=\"column\">\n\t\t\t<div class=\"elementor-widget-wrap elementor-element-populated\">\n\t\t\t\t\t\t\t\t<div class=\"elementor-element elementor-element-f25842d elementor-widget elementor-widget-text-editor\" data-id=\"f25842d\" data-element_type=\"widget\" data-widget_type=\"text-editor.default\">\n\t\t\t\t<div class=\"elementor-widget-container\">\n\t\t\t<style>\/*! elementor - v3.12.2 - 23-04-2023 *\/\n.elementor-widget-text-editor.elementor-drop-cap-view-stacked .elementor-drop-cap{background-color:#69727d;color:#fff}.elementor-widget-text-editor.elementor-drop-cap-view-framed .elementor-drop-cap{color:#69727d;border:3px solid;background-color:transparent}.elementor-widget-text-editor:not(.elementor-drop-cap-view-default) .elementor-drop-cap{margin-top:8px}.elementor-widget-text-editor:not(.elementor-drop-cap-view-default) .elementor-drop-cap-letter{width:1em;height:1em}.elementor-widget-text-editor .elementor-drop-cap{float:left;text-align:center;line-height:1;font-size:50px}.elementor-widget-text-editor .elementor-drop-cap-letter{display:inline-block}<\/style>\t\t\t\t<p><ul><li><b>La l\u00ednea 123 opera las 24 horas, los siete d\u00edas de la semana.<\/b><\/li><li><b>Profesionales activar\u00e1n las rutas necesarias frente a emergencias que pongan en riesgo a una mujer y el hecho se reportar\u00e1 ante las autoridades.<\/b><\/li><li><b>Frente a situaciones de violencias basadas en g\u00e9nero, que no representen una emergencia, se puede acudir a la Atenci\u00f3n Psicojur\u00eddica en Territorio.<\/b><\/li><\/ul><\/p>\t\t\t\t\t\t<\/div>\n\t\t\t\t<\/div>\n\t\t\t\t\t<\/div>\n\t\t<\/div>\n\t\t\t\t\t\t\t<\/div>\n\t\t<\/section>\n\t\t\t\t<section class=\"elementor-section elementor-top-section elementor-element elementor-element-4fe6f88b elementor-section-boxed elementor-section-height-default elementor-section-height-default\" data-id=\"4fe6f88b\" data-element_type=\"section\">\n\t\t\t\t\t\t<div class=\"elementor-container elementor-column-gap-default\">\n\t\t\t\t\t<div class=\"elementor-column elementor-col-100 elementor-top-column elementor-element elementor-element-19e726f1\" data-id=\"19e726f1\" data-element_type=\"column\">\n\t\t\t<div class=\"elementor-widget-wrap elementor-element-populated\">\n\t\t\t\t\t\t\t\t<div class=\"elementor-element elementor-element-2a4a5525 elementor-widget elementor-widget-text-editor\" data-id=\"2a4a5525\" data-element_type=\"widget\" data-widget_type=\"text-editor.default\">\n\t\t\t\t<div class=\"elementor-widget-container\">\n\t\t\t\t\t\t\t<!-- wp:paragraph -->\n<p>La Alcald\u00eda de Medell\u00edn tendr\u00e1 activos, durante la Semana Santa, los mecanismos para la atenci\u00f3n y protecci\u00f3n de la vida de las mujeres v\u00edctimas de violencias basadas en g\u00e9nero, con el fin de salvaguardar su integridad, su seguridad y sus derechos durante esta \u00e9poca.<\/p>\n<!-- \/wp:paragraph -->\n\n<!-- wp:paragraph -->\n<p><em>\u201cLes recordamos que la L\u00ednea 123 Agencia Mujer opera las 24 horas del d\u00eda y los 7 d\u00edas de la semana para emergencias, aqu\u00ed mismo las mujeres que lo requieran podr\u00e1n acceder a nuestro equipo de psic\u00f3logas y abogadas, quienes est\u00e1n alertas para acompa\u00f1ar a las mujeres para acceder a sus derechos. Desde all\u00ed podr\u00e1n ser remitidas a Defensa T\u00e9cnica, para representaci\u00f3n jur\u00eddica, y a los hogares de acogida, d\u00f3nde las mujeres en riesgo extremo de feminicidio tendr\u00e1n un lugar seguro para ellas y sus hijas e hijos hasta por 42 d\u00edas\u201d<\/em>, indic\u00f3 la secretaria de las Mujeres, Ang\u00e9lica Ortiz Maya.&nbsp;<\/p>\n<!-- \/wp:paragraph -->\n\n<!-- wp:paragraph -->\n<p>Cualquier persona que presencie una situaci\u00f3n de emergencia que ponga en riesgo a una mujer, podr\u00e1 contactarse con la Agencia Mujer, l\u00ednea especializada en la atenci\u00f3n inmediata de estos casos. Al comunicarse, las profesionales capacitadas activar\u00e1n las rutas necesarias y el hecho se reportar\u00e1 ante las autoridades.<\/p>\n<!-- \/wp:paragraph -->\n\n<!-- wp:paragraph -->\n<p><em>\u201cEsto lo realizamos a trav\u00e9s del mecanismo 123 Agencia Mujer en la cual cualquier v\u00edctima de este tipo de violencia o cualquier persona reportante puede llamarnos a poner en conocimiento este tipo de situaciones con el fin de que podamos activar las rutas en salud justicia y protecci\u00f3n pertinentes para apoyar a estas mujeres\u201d<\/em> manifest\u00f3 la l\u00edder de Seguridad de la Secretar\u00eda de las Mujeres, Patricia Cuervo.<\/p>\n<!-- \/wp:paragraph -->\n\n<!-- wp:paragraph -->\n<p>Cuando se presente una situaci\u00f3n de violencia basada en g\u00e9nero, que no represente una emergencia, se puede acudir a la Atenci\u00f3n Psicojur\u00eddica en Territorio, en cualquier comuna o corregimiento para recibir apoyo, asesor\u00eda y acompa\u00f1amiento de psic\u00f3logas y abogadas. Tambi\u00e9n se puede recibir orientaci\u00f3n sobre c\u00f3mo acceder plenamente a sus derechos, incluida la interrupci\u00f3n voluntaria del embarazo. Las l\u00edneas telef\u00f3nicas disponibles son (604) 3855552 y 3005875219.<\/p>\n<!-- \/wp:paragraph -->\n\n<!-- wp:paragraph -->\n<p>El mecanismo de Hogares de Acogida estar\u00e1 disponible sin ninguna variaci\u00f3n en su atenci\u00f3n para las v\u00edctimas de violencias que est\u00e9n en peligro o en riesgo extremo de feminicidio. A trav\u00e9s de este, se les reubicar\u00e1 en una vivienda temporal, en compa\u00f1\u00eda de sus hijos, mientras reciben acompa\u00f1amiento jur\u00eddico, psicol\u00f3gico y nutricional para el restablecimiento de sus derechos. Las l\u00edneas disponibles, son 3147006311 y 3147006544.<\/p>\n<!-- \/wp:paragraph -->\t\t\t\t\t\t<\/div>\n\t\t\t\t<\/div>\n\t\t\t\t\t<\/div>\n\t\t<\/div>\n\t\t\t\t\t\t\t<\/div>\n\t\t<\/section>\n\t\t\t\t\t\t\t<\/div>\n\t\t","protected":false},"excerpt":{"rendered":"<p>La l\u00ednea 123 opera las 24 horas, los siete d\u00edas de la semana. Profesionales activar\u00e1n las rutas necesarias frente a emergencias que pongan en riesgo a una mujer y el hecho se reportar\u00e1 ante las autoridades. Frente a situaciones de violencias basadas en g\u00e9nero, que no representen una emergencia, se puede acudir a la Atenci\u00f3n [&hellip;]<\/p>\n","protected":false},"author":3,"featured_media":0,"comment_status":"open","ping_status":"open","sticky":false,"template":"","format":"standard","meta":[],"categories":[14,18],"tags":[],"_links":{"self":[{"href":"\/mujeresmedellin\/wp-json\/wp\/v2\/posts\/3694"}],"collection":[{"href":"\/mujeresmedellin\/wp-json\/wp\/v2\/posts"}],"about":[{"href":"\/mujeresmedellin\/wp-json\/wp\/v2\/types\/post"}],"author":[{"embeddable":true,"href":"\/mujeresmedellin\/wp-json\/wp\/v2\/users\/3"}],"replies":[{"embeddable":true,"href":"\/mujeresmedellin\/wp-json\/wp\/v2\/comments?post=3694"}],"version-history":[{"count":7,"href":"\/mujeresmedellin\/wp-json\/wp\/v2\/posts\/3694\/revisions"}],"predecessor-version":[{"id":3785,"href":"\/mujeresmedellin\/wp-json\/wp\/v2\/posts\/3694\/revisions\/3785"}],"wp:attachment":[{"href":"\/mujeresmedellin\/wp-json\/wp\/v2\/media?parent=3694"}],"wp:term":[{"taxonomy":"category","embeddable":true,"href":"\/mujeresmedellin\/wp-json\/wp\/v2\/categories?post=3694"},{"taxonomy":"post_tag","embeddable":true,"href":"\/mujeresmedellin\/wp-json\/wp\/v2\/tags?post=3694"}],"curies":[{"name":"wp","href":"https:\/\/api.w.org\/{rel}","templated":true}]}}