{"id":3709,"date":"2023-04-01T18:03:36","date_gmt":"2023-04-01T23:03:36","guid":{"rendered":"\/mujeresmedellin\/?p=3709"},"modified":"2023-07-13T12:06:46","modified_gmt":"2023-07-13T17:06:46","slug":"medellin-abre-convocatoria-para-reconocer-los-talentos-y-liderazgos-de-las-mujeres-en-la-construccion-de-una-mejor-ciudad","status":"publish","type":"post","link":"\/mujeresmedellin\/medellin-abre-convocatoria-para-reconocer-los-talentos-y-liderazgos-de-las-mujeres-en-la-construccion-de-una-mejor-ciudad\/","title":{"rendered":"Medell\u00edn abre convocatoria para reconocer los talentos y liderazgos de las mujeres en la construcci\u00f3n de una mejor ciudad"},"content":{"rendered":"\t\t<div data-elementor-type=\"wp-post\" data-elementor-id=\"3709\" class=\"elementor elementor-3709\">\n\t\t\t\t\t\t\t\t\t<section class=\"elementor-section elementor-top-section elementor-element elementor-element-48aa518 elementor-section-boxed elementor-section-height-default elementor-section-height-default\" data-id=\"48aa518\" data-element_type=\"section\">\n\t\t\t\t\t\t<div class=\"elementor-container elementor-column-gap-default\">\n\t\t\t\t\t<div class=\"elementor-column elementor-col-50 elementor-top-column elementor-element elementor-element-10e58ff\" data-id=\"10e58ff\" data-element_type=\"column\">\n\t\t\t<div class=\"elementor-widget-wrap elementor-element-populated\">\n\t\t\t\t\t\t\t\t<div class=\"elementor-element elementor-element-2615eb4 elementor-widget elementor-widget-image\" data-id=\"2615eb4\" data-element_type=\"widget\" data-widget_type=\"image.default\">\n\t\t\t\t<div class=\"elementor-widget-container\">\n\t\t\t<style>\/*! elementor - v3.12.2 - 23-04-2023 *\/\n.elementor-widget-image{text-align:center}.elementor-widget-image a{display:inline-block}.elementor-widget-image a img[src$=\".svg\"]{width:48px}.elementor-widget-image img{vertical-align:middle;display:inline-block}<\/style>\t\t\t\t\t\t\t\t\t\t\t\t<img decoding=\"async\" width=\"800\" height=\"534\" src=\"\/mujeresmedellin\/wp-content\/uploads\/2023\/07\/Reconocimiento-20-min-1024x683.jpg\" class=\"attachment-large size-large wp-image-3716\" alt=\"\" loading=\"lazy\" srcset=\"\/mujeresmedellin\/wp-content\/uploads\/2023\/07\/Reconocimiento-20-min-1024x683.jpg 1024w, \/mujeresmedellin\/wp-content\/uploads\/2023\/07\/Reconocimiento-20-min-300x200.jpg 300w, \/mujeresmedellin\/wp-content\/uploads\/2023\/07\/Reconocimiento-20-min-768x512.jpg 768w, \/mujeresmedellin\/wp-content\/uploads\/2023\/07\/Reconocimiento-20-min-1536x1024.jpg 1536w, \/mujeresmedellin\/wp-content\/uploads\/2023\/07\/Reconocimiento-20-min-2048x1365.jpg 2048w\" sizes=\"(max-width: 800px) 100vw, 800px\" \/>\t\t\t\t\t\t\t\t\t\t\t\t\t\t\t<\/div>\n\t\t\t\t<\/div>\n\t\t\t\t\t<\/div>\n\t\t<\/div>\n\t\t\t\t<div class=\"elementor-column elementor-col-50 elementor-top-column elementor-element elementor-element-093fbcb\" data-id=\"093fbcb\" data-element_type=\"column\">\n\t\t\t<div class=\"elementor-widget-wrap elementor-element-populated\">\n\t\t\t\t\t\t\t\t<div class=\"elementor-element elementor-element-070495e elementor-widget elementor-widget-text-editor\" data-id=\"070495e\" data-element_type=\"widget\" data-widget_type=\"text-editor.default\">\n\t\t\t\t<div class=\"elementor-widget-container\">\n\t\t\t<style>\/*! elementor - v3.12.2 - 23-04-2023 *\/\n.elementor-widget-text-editor.elementor-drop-cap-view-stacked .elementor-drop-cap{background-color:#69727d;color:#fff}.elementor-widget-text-editor.elementor-drop-cap-view-framed .elementor-drop-cap{color:#69727d;border:3px solid;background-color:transparent}.elementor-widget-text-editor:not(.elementor-drop-cap-view-default) .elementor-drop-cap{margin-top:8px}.elementor-widget-text-editor:not(.elementor-drop-cap-view-default) .elementor-drop-cap-letter{width:1em;height:1em}.elementor-widget-text-editor .elementor-drop-cap{float:left;text-align:center;line-height:1;font-size:50px}.elementor-widget-text-editor .elementor-drop-cap-letter{display:inline-block}<\/style>\t\t\t\t<p><ul><li><b>Las mujeres podr\u00e1n participar en la edici\u00f3n n\u00famero 20 del Concurso Mujeres J\u00f3venes Talento y en la segunda edici\u00f3n del Reconocimiento al Liderazgo de las Mujeres de Medell\u00edn. <\/b><\/li><li><b>La plataforma de inscripci\u00f3n estar\u00e1 abierta hasta el 29 de junio a las 5:00 p. m. <\/b><\/li><li><b>Las mujeres elegidas para ser adjudicatarias de los est\u00edmulos ser\u00e1n anunciadas en la ceremonia p\u00fablica Gran Noche de las Mujeres, que se realizar\u00e1 en agosto. <\/b><\/li><li><b>Este es el segundo a\u00f1o consecutivo en el que se entregar\u00e1 un est\u00edmulo econ\u00f3mico equivalente a $9.000.000 de libre destinaci\u00f3n, para reconocer la trayectoria de los talentos y liderazgos de las mujeres de Medell\u00edn. <\/b><\/li><\/ul><\/p>\t\t\t\t\t\t<\/div>\n\t\t\t\t<\/div>\n\t\t\t\t\t<\/div>\n\t\t<\/div>\n\t\t\t\t\t\t\t<\/div>\n\t\t<\/section>\n\t\t\t\t<section class=\"elementor-section elementor-top-section elementor-element elementor-element-28e29c7 elementor-section-boxed elementor-section-height-default elementor-section-height-default\" data-id=\"28e29c7\" data-element_type=\"section\">\n\t\t\t\t\t\t<div class=\"elementor-container elementor-column-gap-default\">\n\t\t\t\t\t<div class=\"elementor-column elementor-col-100 elementor-top-column elementor-element elementor-element-5487ff03\" data-id=\"5487ff03\" data-element_type=\"column\">\n\t\t\t<div class=\"elementor-widget-wrap elementor-element-populated\">\n\t\t\t\t\t\t\t\t<div class=\"elementor-element elementor-element-727b23ec elementor-widget elementor-widget-text-editor\" data-id=\"727b23ec\" data-element_type=\"widget\" data-widget_type=\"text-editor.default\">\n\t\t\t\t<div class=\"elementor-widget-container\">\n\t\t\t\t\t\t\t<!-- wp:paragraph -->\n<p>Hasta el pr\u00f3ximo 15 de mayo estar\u00e1 abierta la inscripci\u00f3n a la convocatoria Est\u00edmulo a los Talentos y Liderazgos de las Mujeres de Medell\u00edn 2023, a la cual podr\u00e1n postularse mujeres de 14 a\u00f1os en adelante, que cuenten con trayectoria en talentos o liderazgo social, pol\u00edtico, art\u00edstico, deportivo, ambiental y acad\u00e9mico, y que residan en una de las 16 comunas o cinco corregimientos de la ciudad.&nbsp;<\/p>\n<!-- \/wp:paragraph -->\n\n<!-- wp:paragraph -->\n<p>La Secretar\u00eda de las Mujeres contar\u00e1 con doce promotoras territoriales para apoyar la divulgaci\u00f3n, convocatoria, orientaci\u00f3n e inscripci\u00f3n de las mujeres en cada comuna y corregimiento. Quienes deseen participar deben leer detenidamente los requisitos, bases y condiciones para inscribirse, las cuales se encuentran en https:\/\/www.medellin.gov.co\/estimulos, haciendo clic en la pesta\u00f1a Secretar\u00eda Mujeres, ubicada en el men\u00fa lateral izquierdo.&nbsp;<\/p>\n<!-- \/wp:paragraph -->\n\n<!-- wp:paragraph -->\n<p>Para el a\u00f1o 2023, la convocatoria Est\u00edmulo a los Talentos y los Liderazgos de las Mujeres de Medell\u00edn cuenta con cuatro l\u00edneas principales: Concurso Mujeres J\u00f3venes Talento, dirigido a mujeres entre los 18 y 28 a\u00f1os; categor\u00eda Junior &#8211; Concurso Mujeres J\u00f3venes Talento, dirigida a adolescentes entre los 14 y 17 a\u00f1os; Reconocimiento al Liderazgo de las Mujeres de Medell\u00edn, dirigido a mujeres de 29 a\u00f1os; y categor\u00eda en el servicio p\u00fablico &#8211; Reconocimiento al Liderazgo de las Mujeres de Medell\u00edn, orientada a servidoras p\u00fablicas de 29 a\u00f1os o m\u00e1s, que laboran en el Conglomerado P\u00fablico de Medell\u00edn.<\/p>\n<!-- \/wp:paragraph -->\n\n<!-- wp:paragraph -->\n<p>El concurso reconoce la trayectoria de los talentos de las mujeres j\u00f3venes del Distrito. Se pueden postular mujeres entre 18 y 28 a\u00f1os, en las categor\u00edas de liderazgo social, pol\u00edtico y comunitario, y en temas como deporte, recreaci\u00f3n y actividad f\u00edsica, artes, ciencias exactas, ciencias sociales, emprendimiento, medio ambiente y sostenibilidad; asimismo, en la l\u00ednea Junior pueden postularse adolescentes entre los 14 y 17 a\u00f1os, que se destaquen en sus entornos sociales o escolares.&nbsp;<\/p>\n<!-- \/wp:paragraph -->\n\n<!-- wp:paragraph -->\n<p>A su vez, en el Reconocimiento al Liderazgo a las Mujeres, en a\u00f1os anteriores llamado Medalla Honor\u00edfica al M\u00e9rito Femenino, podr\u00e1n participar las mujeres de 29 a\u00f1os en adelante, en las categor\u00edas de liderazgo social y comunitario, liderazgo pol\u00edtico, y liderazgo en investigaci\u00f3n; as\u00ed como las mujeres destacadas en el servicio p\u00fablico.&nbsp;<\/p>\n<!-- \/wp:paragraph -->\n\n<!-- wp:paragraph -->\n<p><em>\u201cAbrimos la convocatoria para el Concurso Mujeres J\u00f3venes Talento y el<\/em><em> <\/em><em>Reconocimiento al Liderazgo de las Mujeres de Medell\u00edn; dos convocatorias para<\/em><em> <\/em><em>destacar nuestro talento y capacidades, y seguir feminizando la forma en que<\/em><em> <\/em><em>entendemos a la sociedad. Celebramos los 20 a\u00f1os del Concurso Mujeres J\u00f3venes<\/em><em> <\/em><em>Talento y, por segundo a\u00f1o consecutivo, todas las mujeres de ambos concursos<\/em><em> <\/em><em>ser\u00e1n reconocidas con est\u00edmulos por $9.000.000 para invertir en ellas mismas y en<\/em><em> <\/em><em>su autocuidado. En Medell\u00edn es el tiempo de las mujeres poderosas\u201d, <\/em>afirm\u00f3 la secretaria de las Mujeres, Ang\u00e9lica Mar\u00eda Ortiz Maya.&nbsp;<\/p>\n<!-- \/wp:paragraph -->\n\n<!-- wp:paragraph -->\n<p>Desde 2021, la convocatoria Est\u00edmulo a los Talentos y Liderazgos de las Mujeres de Medell\u00edn otorga a las mujeres reconocidas en cada categor\u00eda, un incentivo de $9.000.000 de libre destinaci\u00f3n para su autorreconocimiento; anteriormente, el valor estaba ligado a la inversi\u00f3n de este en el proyecto que postulaba la mujer. En el caso de la l\u00ednea Junior, es decir, las mujeres entre 14 y 17 a\u00f1os, el reconocimiento corresponder\u00e1 a un paquete de viaje para la joven y un acompa\u00f1ante mayor de edad responsable, por $9.000.000; y para las servidoras p\u00fablicas, el est\u00edmulo corresponder\u00e1 a un paquete tur\u00edstico por $9.000.000 para uso personal.&nbsp;<\/p>\n<!-- \/wp:paragraph -->\n\n<!-- wp:paragraph -->\n<p><em>\u201cDel Concurso Mujeres J\u00f3venes Talento, la verdad fue muy emocionante. No cre\u00ed<\/em><em> <\/em><em>ganar, no me lo pensaba, no me lo imaginaba. Sin embargo, fui muy rigurosa en el<\/em><em> <\/em><em>momento de leer los lineamientos; irme detr\u00e1s de ellos; cu\u00e1les eran las preguntas<\/em><em> <\/em><em>que estaban haciendo; cu\u00e1l era el enfoque que estaban buscando y, seg\u00fan eso, lo<\/em><em> <\/em><em>que hice fue responder las preguntas en el video que pidieron. Esto lo digo porque<\/em><em> <\/em><em>acorta tramos y una es m\u00e1s espec\u00edfica en la informaci\u00f3n en la convocatoria\u201d,<\/em><em> <\/em>expres\u00f3 la participante de Mujeres J\u00f3venes Talento 2022, Marieta G\u00f3mez.&nbsp;<\/p>\n<!-- \/wp:paragraph -->\n\n<!-- wp:paragraph -->\n<p>Hist\u00f3ricamente, el concurso y el reconocimiento han exaltado a unas 4.000 mujeres j\u00f3venes y adultas. El marco normativo est\u00e1 fundamentado en la Ley 397 de 1997 o<\/p>\n<!-- \/wp:paragraph -->\n\n<!-- wp:paragraph -->\n<p>Ley General de Cultura que, entre otros aspectos, define que las entidades territoriales establecer\u00e1n est\u00edmulos especiales y promocionar\u00e1n la creaci\u00f3n, la actividad art\u00edstica y cultural, la investigaci\u00f3n y el fortalecimiento de las expresiones culturales; el Acuerdo 102 de 2018 que crea la Pol\u00edtica P\u00fablica para la Igualdad de G\u00e9nero de las Mujeres Urbanas y Rurales de Medell\u00edn, y promueve, entre sus objetivos espec\u00edficos, la educaci\u00f3n no sexista para la transformaci\u00f3n de estereotipos y desigualdades de g\u00e9nero en la cultura; y el Acuerdo 39 de 2021 que crea el programa de reconocimiento, est\u00edmulo y potenciaci\u00f3n de las capacidades y talentos de las mujeres de Medell\u00edn, con su respectivo Decreto Reglamentario 0485 de 2022.&nbsp;<\/p>\n<!-- \/wp:paragraph -->\n\n<!-- wp:paragraph -->\n<p>Las mujeres reconocidas, que hayan cumplido a cabalidad con los requisitos de la convocatoria y que sean recomendadas por el jurado para ser adjudicatarias de los est\u00edmulos, ser\u00e1n anunciadas en la Gran Noche de las Mujeres, evento p\u00fablico que se realizar\u00e1 en agosto.&nbsp;<\/p>\n<!-- \/wp:paragraph -->\t\t\t\t\t\t<\/div>\n\t\t\t\t<\/div>\n\t\t\t\t\t<\/div>\n\t\t<\/div>\n\t\t\t\t\t\t\t<\/div>\n\t\t<\/section>\n\t\t\t\t\t\t\t<\/div>\n\t\t","protected":false},"excerpt":{"rendered":"<p>Las mujeres podr\u00e1n participar en la edici\u00f3n n\u00famero 20 del Concurso Mujeres J\u00f3venes Talento y en la segunda edici\u00f3n del Reconocimiento al Liderazgo de las Mujeres de Medell\u00edn. La plataforma de inscripci\u00f3n estar\u00e1 abierta hasta el 29 de junio a las 5:00 p. m. Las mujeres elegidas para ser adjudicatarias de los est\u00edmulos ser\u00e1n anunciadas [&hellip;]<\/p>\n","protected":false},"author":3,"featured_media":0,"comment_status":"open","ping_status":"open","sticky":false,"template":"","format":"standard","meta":[],"categories":[14,18],"tags":[],"_links":{"self":[{"href":"\/mujeresmedellin\/wp-json\/wp\/v2\/posts\/3709"}],"collection":[{"href":"\/mujeresmedellin\/wp-json\/wp\/v2\/posts"}],"about":[{"href":"\/mujeresmedellin\/wp-json\/wp\/v2\/types\/post"}],"author":[{"embeddable":true,"href":"\/mujeresmedellin\/wp-json\/wp\/v2\/users\/3"}],"replies":[{"embeddable":true,"href":"\/mujeresmedellin\/wp-json\/wp\/v2\/comments?post=3709"}],"version-history":[{"count":7,"href":"\/mujeresmedellin\/wp-json\/wp\/v2\/posts\/3709\/revisions"}],"predecessor-version":[{"id":3728,"href":"\/mujeresmedellin\/wp-json\/wp\/v2\/posts\/3709\/revisions\/3728"}],"wp:attachment":[{"href":"\/mujeresmedellin\/wp-json\/wp\/v2\/media?parent=3709"}],"wp:term":[{"taxonomy":"category","embeddable":true,"href":"\/mujeresmedellin\/wp-json\/wp\/v2\/categories?post=3709"},{"taxonomy":"post_tag","embeddable":true,"href":"\/mujeresmedellin\/wp-json\/wp\/v2\/tags?post=3709"}],"curies":[{"name":"wp","href":"https:\/\/api.w.org\/{rel}","templated":true}]}}