{"id":4044,"date":"2023-12-26T13:26:53","date_gmt":"2023-12-26T18:26:53","guid":{"rendered":"\/mujeresmedellin\/?p=4044"},"modified":"2023-12-26T13:26:53","modified_gmt":"2023-12-26T18:26:53","slug":"participantes-del-concurso-mujeres-jovenes-talento-y-del-reconocimiento-al-liderazgo-de-las-mujeres-de-medellin-se-formaron-en-equidad-de-genero","status":"publish","type":"post","link":"\/mujeresmedellin\/participantes-del-concurso-mujeres-jovenes-talento-y-del-reconocimiento-al-liderazgo-de-las-mujeres-de-medellin-se-formaron-en-equidad-de-genero\/","title":{"rendered":"Participantes del Concurso Mujeres J\u00f3venes Talento y del Reconocimiento al Liderazgo de las Mujeres de Medell\u00edn se formaron en equidad de g\u00e9nero"},"content":{"rendered":"\t\t<div data-elementor-type=\"wp-post\" data-elementor-id=\"4044\" class=\"elementor elementor-4044\">\n\t\t\t\t\t\t\t\t\t<section class=\"elementor-section elementor-top-section elementor-element elementor-element-6267459 elementor-section-boxed elementor-section-height-default elementor-section-height-default\" data-id=\"6267459\" data-element_type=\"section\">\n\t\t\t\t\t\t<div class=\"elementor-container elementor-column-gap-default\">\n\t\t\t\t\t<div class=\"elementor-column elementor-col-50 elementor-top-column elementor-element elementor-element-2b8d1aa\" data-id=\"2b8d1aa\" data-element_type=\"column\">\n\t\t\t<div class=\"elementor-widget-wrap elementor-element-populated\">\n\t\t\t\t\t\t\t\t<div class=\"elementor-element elementor-element-e517740 elementor-widget elementor-widget-image\" data-id=\"e517740\" data-element_type=\"widget\" data-widget_type=\"image.default\">\n\t\t\t\t<div class=\"elementor-widget-container\">\n\t\t\t<style>\/*! elementor - v3.12.2 - 23-04-2023 *\/\n.elementor-widget-image{text-align:center}.elementor-widget-image a{display:inline-block}.elementor-widget-image a img[src$=\".svg\"]{width:48px}.elementor-widget-image img{vertical-align:middle;display:inline-block}<\/style>\t\t\t\t\t\t\t\t\t\t\t\t<img decoding=\"async\" width=\"800\" height=\"533\" src=\"\/mujeresmedellin\/wp-content\/uploads\/2023\/12\/seminario-1024x682.jpg\" class=\"attachment-large size-large wp-image-4045\" alt=\"\" loading=\"lazy\" srcset=\"\/mujeresmedellin\/wp-content\/uploads\/2023\/12\/seminario-1024x682.jpg 1024w, \/mujeresmedellin\/wp-content\/uploads\/2023\/12\/seminario-300x200.jpg 300w, \/mujeresmedellin\/wp-content\/uploads\/2023\/12\/seminario-768x512.jpg 768w, \/mujeresmedellin\/wp-content\/uploads\/2023\/12\/seminario.jpg 1280w\" sizes=\"(max-width: 800px) 100vw, 800px\" \/>\t\t\t\t\t\t\t\t\t\t\t\t\t\t\t<\/div>\n\t\t\t\t<\/div>\n\t\t\t\t\t<\/div>\n\t\t<\/div>\n\t\t\t\t<div class=\"elementor-column elementor-col-50 elementor-top-column elementor-element elementor-element-d28e691\" data-id=\"d28e691\" data-element_type=\"column\">\n\t\t\t<div class=\"elementor-widget-wrap elementor-element-populated\">\n\t\t\t\t\t\t\t\t<div class=\"elementor-element elementor-element-698e085 elementor-widget elementor-widget-text-editor\" data-id=\"698e085\" data-element_type=\"widget\" data-widget_type=\"text-editor.default\">\n\t\t\t\t<div class=\"elementor-widget-container\">\n\t\t\t<style>\/*! elementor - v3.12.2 - 23-04-2023 *\/\n.elementor-widget-text-editor.elementor-drop-cap-view-stacked .elementor-drop-cap{background-color:#69727d;color:#fff}.elementor-widget-text-editor.elementor-drop-cap-view-framed .elementor-drop-cap{color:#69727d;border:3px solid;background-color:transparent}.elementor-widget-text-editor:not(.elementor-drop-cap-view-default) .elementor-drop-cap{margin-top:8px}.elementor-widget-text-editor:not(.elementor-drop-cap-view-default) .elementor-drop-cap-letter{width:1em;height:1em}.elementor-widget-text-editor .elementor-drop-cap{float:left;text-align:center;line-height:1;font-size:50px}.elementor-widget-text-editor .elementor-drop-cap-letter{display:inline-block}<\/style>\t\t\t\t<p><ul><li><b>En el seminario se hizo \u00e9nfasis en el cuidado y el autocuidado. Asistieron 229 mujeres.<\/b><\/li><li>E<b>sta formaci\u00f3n va en sinton\u00eda con una de las agendas que tiene el Distrito en materia de redistribuci\u00f3n del trabajo dom\u00e9stico y las labores del cuidado no remunerado. <\/b><\/li><li><b>El seminario es la antesala a la Gran Noche de las Mujeres, donde se reconocer\u00e1n los liderazgos y talentos de las mujeres de Medell\u00edn.\n<\/b><\/li><\/ul><\/p>\t\t\t\t\t\t<\/div>\n\t\t\t\t<\/div>\n\t\t\t\t\t<\/div>\n\t\t<\/div>\n\t\t\t\t\t\t\t<\/div>\n\t\t<\/section>\n\t\t\t\t<section class=\"elementor-section elementor-top-section elementor-element elementor-element-fe37bf0 elementor-section-boxed elementor-section-height-default elementor-section-height-default\" data-id=\"fe37bf0\" data-element_type=\"section\">\n\t\t\t\t\t\t<div class=\"elementor-container elementor-column-gap-default\">\n\t\t\t\t\t<div class=\"elementor-column elementor-col-100 elementor-top-column elementor-element elementor-element-d54aedc\" data-id=\"d54aedc\" data-element_type=\"column\">\n\t\t\t<div class=\"elementor-widget-wrap elementor-element-populated\">\n\t\t\t\t\t\t\t\t<div class=\"elementor-element elementor-element-a8933d5 elementor-widget elementor-widget-text-editor\" data-id=\"a8933d5\" data-element_type=\"widget\" data-widget_type=\"text-editor.default\">\n\t\t\t\t<div class=\"elementor-widget-container\">\n\t\t\t\t\t\t\t<p>La Alcald\u00eda de Medell\u00edn realiz\u00f3 el Seminario de Equidad de G\u00e9nero, con miras a seguir fortaleciendo los liderazgos y las capacidades de las mujeres que se destacan en las comunas y corregimientos del Distrito. Participaron las concursantes de Mujeres J\u00f3venes Talento, entre 14 y 28 a\u00f1os; y las del Reconocimiento al Liderazgo de las Mujeres de Medell\u00edn, de 29 a\u00f1os en adelante. <p>\n\n<p>El evento se llev\u00f3 a cabo el 2 y 3 de septiembre, y cont\u00f3 con la asistencia de 229 mujeres. Los principales temas fueron la redistribuci\u00f3n del trabajo no remunerado, el autorreconocimiento de los talentos, el liderazgo social y pol\u00edtico de las mujeres, la equidad de g\u00e9nero y la transformaci\u00f3n cultural de pr\u00e1cticas machistas y patriarcales que impiden avanzar hacia una sociedad igualitaria para todas y todos.<p>\n\n<p>\u201cDesde la Secretar\u00eda de las Mujeres, desde hace un par de a\u00f1os, estamos reivindicando que las mujeres tenemos derecho al tiempo y tenemos derecho a decidir qu\u00e9 hacemos con ese tiempo. Por eso, nuestro eslogan es \u2018el tiempo de las mujeres\u2019, porque queremos que todas lo reivindiquemos, nos movilicemos y participemos buscando tener ese derecho al tiempo, buscando tener esa redistribuci\u00f3n del trabajo dom\u00e9stico y que, por supuesto, a partir de esto tengamos m\u00e1s oportunidades\u201d, se\u00f1al\u00f3 la secretaria de las Mujeres, Ang\u00e9lica Ortiz Maya.<p>\n\n<p>Las j\u00f3venes que participan en el Concurso Mujeres J\u00f3venes Talento se destacan en las \u00e1reas de artes, ciencias exactas y ciencias sociales; deporte, recreaci\u00f3n y actividad f\u00edsica; emprendimiento, liderazgo social, pol\u00edtico y comunitario; y medioambiente y sostenibilidad. Las adultas participan en las categor\u00edas de liderazgo en investigaci\u00f3n, liderazgo pol\u00edtico y liderazgo social y comunitario.<p>\n\n<p>Con el seminario, las mujeres se preparan y adquieren herramientas que potencien su trabajo comunitario y su autorreconocimiento. Esto les permite entender, problematizar y garantizar el cuidado de s\u00ed mismas y de las dem\u00e1s, apropi\u00e1ndose del tema del cuidado como un aspecto priorizado en las agendas p\u00fablicas a nivel nacional e internacional, para fortalecer su formaci\u00f3n en g\u00e9nero, lo cual ser\u00e1 reconocido el pr\u00f3ximo 13 de septiembre en la Gran Noche de las Mujeres.<p>  \n\n<p>\u201cEsta jornada de reconocimiento al liderazgo femenino a nivel distrital es de la mayor importancia para destacar en qu\u00e9 nos movemos como mujeres y qu\u00e9 somos capaces de hacer, pero tambi\u00e9n para reconocernos y verificar c\u00f3mo est\u00e1n nuestras vidas y nuestros liderazgos en torno a lo que hacemos a diario. Por ejemplo, cu\u00e1nto me cuido, qui\u00e9n cuida de m\u00ed y si me cuido a m\u00ed misma\u201d, se\u00f1al\u00f3 la participante en el  Reconocimiento al Liderazgo de las Mujeres de Medell\u00edn.<p>\n<p>Este proceso formativo, que permite que diferentes mujeres referentes del Distrito se encuentren, hace parte de las estrategias que tiene la Administraci\u00f3n Distrital para fortalecer los liderazgos de las mujeres y continuar transformando pr\u00e1cticas sexistas y machistas. <p>\n\n<p>Estos procesos acercan a mujeres referentes de las comunas y corregimientos a espacios en los que puedan aprender y crear redes que permitan que las mujeres de Medell\u00edn sean reconocidas cada vez m\u00e1s por sus habilidades, con perspectiva de g\u00e9nero, en los diferentes escenarios en los que se desenvuelven.\n<\/p>\t\t\t\t\t\t<\/div>\n\t\t\t\t<\/div>\n\t\t\t\t\t<\/div>\n\t\t<\/div>\n\t\t\t\t\t\t\t<\/div>\n\t\t<\/section>\n\t\t\t\t\t\t\t<\/div>\n\t\t","protected":false},"excerpt":{"rendered":"<p>En el seminario se hizo \u00e9nfasis en el cuidado y el autocuidado. Asistieron 229 mujeres. Esta formaci\u00f3n va en sinton\u00eda con una de las agendas que tiene el Distrito en materia de redistribuci\u00f3n del trabajo dom\u00e9stico y las labores del cuidado no remunerado. El seminario es la antesala a la Gran Noche de las Mujeres, [&hellip;]<\/p>\n","protected":false},"author":2,"featured_media":0,"comment_status":"open","ping_status":"open","sticky":false,"template":"","format":"standard","meta":[],"categories":[14,18,8],"tags":[],"_links":{"self":[{"href":"\/mujeresmedellin\/wp-json\/wp\/v2\/posts\/4044"}],"collection":[{"href":"\/mujeresmedellin\/wp-json\/wp\/v2\/posts"}],"about":[{"href":"\/mujeresmedellin\/wp-json\/wp\/v2\/types\/post"}],"author":[{"embeddable":true,"href":"\/mujeresmedellin\/wp-json\/wp\/v2\/users\/2"}],"replies":[{"embeddable":true,"href":"\/mujeresmedellin\/wp-json\/wp\/v2\/comments?post=4044"}],"version-history":[{"count":7,"href":"\/mujeresmedellin\/wp-json\/wp\/v2\/posts\/4044\/revisions"}],"predecessor-version":[{"id":4052,"href":"\/mujeresmedellin\/wp-json\/wp\/v2\/posts\/4044\/revisions\/4052"}],"wp:attachment":[{"href":"\/mujeresmedellin\/wp-json\/wp\/v2\/media?parent=4044"}],"wp:term":[{"taxonomy":"category","embeddable":true,"href":"\/mujeresmedellin\/wp-json\/wp\/v2\/categories?post=4044"},{"taxonomy":"post_tag","embeddable":true,"href":"\/mujeresmedellin\/wp-json\/wp\/v2\/tags?post=4044"}],"curies":[{"name":"wp","href":"https:\/\/api.w.org\/{rel}","templated":true}]}}