{"id":4083,"date":"2023-12-26T14:45:37","date_gmt":"2023-12-26T19:45:37","guid":{"rendered":"\/mujeresmedellin\/?p=4083"},"modified":"2023-12-27T07:23:52","modified_gmt":"2023-12-27T12:23:52","slug":"con-1-400-mujeres-medellin-celebro-el-encuentro-de-madres-comunitarias","status":"publish","type":"post","link":"\/mujeresmedellin\/con-1-400-mujeres-medellin-celebro-el-encuentro-de-madres-comunitarias\/","title":{"rendered":"Con 1.400 mujeres, Medell\u00edn celebr\u00f3 el Encuentro de Madres Comunitarias"},"content":{"rendered":"\t\t<div data-elementor-type=\"wp-post\" data-elementor-id=\"4083\" class=\"elementor elementor-4083\">\n\t\t\t\t\t\t\t\t\t<section class=\"elementor-section elementor-top-section elementor-element elementor-element-eb9c0e7 elementor-section-boxed elementor-section-height-default elementor-section-height-default\" data-id=\"eb9c0e7\" data-element_type=\"section\">\n\t\t\t\t\t\t<div class=\"elementor-container elementor-column-gap-default\">\n\t\t\t\t\t<div class=\"elementor-column elementor-col-50 elementor-top-column elementor-element elementor-element-faf71f7\" data-id=\"faf71f7\" data-element_type=\"column\">\n\t\t\t<div class=\"elementor-widget-wrap elementor-element-populated\">\n\t\t\t\t\t\t\t\t<div class=\"elementor-element elementor-element-82107aa elementor-widget elementor-widget-image\" data-id=\"82107aa\" data-element_type=\"widget\" data-widget_type=\"image.default\">\n\t\t\t\t<div class=\"elementor-widget-container\">\n\t\t\t<style>\/*! elementor - v3.12.2 - 23-04-2023 *\/\n.elementor-widget-image{text-align:center}.elementor-widget-image a{display:inline-block}.elementor-widget-image a img[src$=\".svg\"]{width:48px}.elementor-widget-image img{vertical-align:middle;display:inline-block}<\/style>\t\t\t\t\t\t\t\t\t\t\t\t<img decoding=\"async\" width=\"800\" height=\"534\" src=\"\/mujeresmedellin\/wp-content\/uploads\/2023\/12\/mc-1024x683.jpg\" class=\"attachment-large size-large wp-image-4085\" alt=\"\" loading=\"lazy\" srcset=\"\/mujeresmedellin\/wp-content\/uploads\/2023\/12\/mc-1024x683.jpg 1024w, \/mujeresmedellin\/wp-content\/uploads\/2023\/12\/mc-300x200.jpg 300w, \/mujeresmedellin\/wp-content\/uploads\/2023\/12\/mc-768x512.jpg 768w, \/mujeresmedellin\/wp-content\/uploads\/2023\/12\/mc.jpg 1280w\" sizes=\"(max-width: 800px) 100vw, 800px\" \/>\t\t\t\t\t\t\t\t\t\t\t\t\t\t\t<\/div>\n\t\t\t\t<\/div>\n\t\t\t\t\t<\/div>\n\t\t<\/div>\n\t\t\t\t<div class=\"elementor-column elementor-col-50 elementor-top-column elementor-element elementor-element-2fdbc6c\" data-id=\"2fdbc6c\" data-element_type=\"column\">\n\t\t\t<div class=\"elementor-widget-wrap elementor-element-populated\">\n\t\t\t\t\t\t\t\t<div class=\"elementor-element elementor-element-fbaee7b elementor-widget elementor-widget-text-editor\" data-id=\"fbaee7b\" data-element_type=\"widget\" data-widget_type=\"text-editor.default\">\n\t\t\t\t<div class=\"elementor-widget-container\">\n\t\t\t<style>\/*! elementor - v3.12.2 - 23-04-2023 *\/\n.elementor-widget-text-editor.elementor-drop-cap-view-stacked .elementor-drop-cap{background-color:#69727d;color:#fff}.elementor-widget-text-editor.elementor-drop-cap-view-framed .elementor-drop-cap{color:#69727d;border:3px solid;background-color:transparent}.elementor-widget-text-editor:not(.elementor-drop-cap-view-default) .elementor-drop-cap{margin-top:8px}.elementor-widget-text-editor:not(.elementor-drop-cap-view-default) .elementor-drop-cap-letter{width:1em;height:1em}.elementor-widget-text-editor .elementor-drop-cap{float:left;text-align:center;line-height:1;font-size:50px}.elementor-widget-text-editor .elementor-drop-cap-letter{display:inline-block}<\/style>\t\t\t\t<p><ul><li><b>Las asistentes participaron en una jornada que tuvo como eje la econom\u00eda del cuidado.<\/b><\/li><li><b>570 de estas mujeres asistieron a actividades de formaci\u00f3n en autocuidado.<\/b><\/li><li><b style=\"background-color: transparent; color: var( --e-global-color-text ); font-family: var( --e-global-typography-text-font-family ), Sans-serif; text-align: var(--bs-body-text-align);\">&nbsp;Durante el cuatrienio, se entregaron est\u00edmulos econ\u00f3micos a 2.011 madres comunitarias, fami y sustitutas.<\/b><\/li><\/ul><\/p>\t\t\t\t\t\t<\/div>\n\t\t\t\t<\/div>\n\t\t\t\t\t<\/div>\n\t\t<\/div>\n\t\t\t\t\t\t\t<\/div>\n\t\t<\/section>\n\t\t\t\t<section class=\"elementor-section elementor-top-section elementor-element elementor-element-7197053 elementor-section-boxed elementor-section-height-default elementor-section-height-default\" data-id=\"7197053\" data-element_type=\"section\">\n\t\t\t\t\t\t<div class=\"elementor-container elementor-column-gap-default\">\n\t\t\t\t\t<div class=\"elementor-column elementor-col-100 elementor-top-column elementor-element elementor-element-79906d2\" data-id=\"79906d2\" data-element_type=\"column\">\n\t\t\t<div class=\"elementor-widget-wrap elementor-element-populated\">\n\t\t\t\t\t\t\t\t<div class=\"elementor-element elementor-element-1c842f4 elementor-widget elementor-widget-text-editor\" data-id=\"1c842f4\" data-element_type=\"widget\" data-widget_type=\"text-editor.default\">\n\t\t\t\t<div class=\"elementor-widget-container\">\n\t\t\t\t\t\t\t<p>La Administraci\u00f3n Distrital celebr\u00f3 el Encuentro de Madres Comunitarias, Fami y Sustitutas, el cual cont\u00f3 con aproximadamente 1.400 mujeres que se congregaron para reconocer la importancia de su quehacer para el cuidado de la ni\u00f1ez y la juventud. El evento tuvo actividades de autocuidado, aer\u00f3bicos, masajes relajantes, meditaci\u00f3n, talleres sobre proyectos de vida, yoga y un concierto de m\u00fasica tropical, entre otras.<p>\n\nLa Secretar\u00eda de las Mujeres lider\u00f3 la programaci\u00f3n cultural, art\u00edstica, pedag\u00f3gica y recreativa, en articulaci\u00f3n con las entidades corresponsables de Medell\u00edn para la celebraci\u00f3n de esta fecha, la cual est\u00e1 institucionalizada por Acuerdo Municipal # 043 de 2008. <p>\n\n\u201cQueremos cuidar a las cuidadoras y decirles que nos emociona mucho que sean part\u00edcipes en el dise\u00f1o del Sistema Distrital de Cuidados, de la transformaci\u00f3n cultural, que nos permita entender como sociedad que el trabajo dom\u00e9stico y de cuidado no remunerado, no es un asunto solo de las mujeres y que debe ser reconocido, redistribuido, reducido y remunerado y que, si bien, estas madres comunitarias hacen su trabajo con todo el amor del mundo, tambi\u00e9n deben encontrar la posibilidad de cuidar de s\u00ed mismas y, sobre todo, que la sociedad cuide de ellas. Esta es la revoluci\u00f3n del cuidado\u201d, se\u00f1al\u00f3 la secretaria de las Mujeres, Ang\u00e9lica Ortiz Maya.<p>\n\nEl evento fue antecedido por otras acciones, como las jornadas pedag\u00f3gicas sobre la econom\u00eda del cuidado y el autocuidado, en las que participaron aproximadamente 570 mujeres. <p>\n\nDurante el cuatrienio, se entregaron est\u00edmulos econ\u00f3micos a 2.011 madres comunitarias, fami y sustitutas, contratadas por las entidades administradoras del servicio de los hogares de bienestar del Instituto Colombiano de Bienestar Familiar -ICBF.<p> \n\nEntendiendo el cuidado como una bandera que la Alcald\u00eda de Medell\u00edn ha propuesto durante el cuatrienio, estas mujeres fueron part\u00edcipes en la formulaci\u00f3n y la prueba piloto del Sistema de Cuidados de Medell\u00edn. Con esto, se busca promover la transformaci\u00f3n cultural frente a los roles y a los estereotipos de g\u00e9nero que sostienen desigualdades que afectan a las mujeres, e impulsar pr\u00e1cticas de redistribuci\u00f3n del trabajo dom\u00e9stico que les permitan el uso de su tiempo libre y su autocuidado.<p>\n\n\u201cHace 34 a\u00f1os trabajo con ni\u00f1os, con mi comunidad; me encanta lo que hago, es mi vida y le entrego la vida a mis ni\u00f1os. Me encantan estas actividades porque resaltan lo que somos nosotras como madres comunitarias en los barrios, este programa es espectacular, me encanta que la Secretar\u00eda de las Mujeres nos tenga en cuenta en todos los programas como madres comunitarias, les agradecemos mucho por tenernos en cuenta en tantas cosas bonitas\u201d, Lourdes Ortiz, madre comunitaria participante del encuentro.<p>\n\nLas madres comunitarias son aquellas agentes educativas responsables del cuidado de ni\u00f1as y ni\u00f1os de la primera infancia, del programa de Hogares Comunitarios de Bienestar. Las madres fami se encargan de atender a las madres gestantes y lactantes, y a los ni\u00f1os y ni\u00f1as hasta los dos a\u00f1os, ense\u00f1\u00e1ndoles a las familias buenas pr\u00e1cticas de cuidado y crianza. Las madres sustitutas son aquellas que se comprometen a brindar cuidado, atenci\u00f3n, protecci\u00f3n y afecto a ni\u00f1os, ni\u00f1as y\/o adolescentes con vulneraci\u00f3n de derechos, por medio de una modalidad de atenci\u00f3n del ICBF llamada Hogares Sustitutos.\n<\/p>\t\t\t\t\t\t<\/div>\n\t\t\t\t<\/div>\n\t\t\t\t\t<\/div>\n\t\t<\/div>\n\t\t\t\t\t\t\t<\/div>\n\t\t<\/section>\n\t\t\t\t\t\t\t<\/div>\n\t\t","protected":false},"excerpt":{"rendered":"<p>Las asistentes participaron en una jornada que tuvo como eje la econom\u00eda del cuidado. 570 de estas mujeres asistieron a actividades de formaci\u00f3n en autocuidado. &nbsp;Durante el cuatrienio, se entregaron est\u00edmulos econ\u00f3micos a 2.011 madres comunitarias, fami y sustitutas. La Administraci\u00f3n Distrital celebr\u00f3 el Encuentro de Madres Comunitarias, Fami y Sustitutas, el cual cont\u00f3 con [&hellip;]<\/p>\n","protected":false},"author":2,"featured_media":4291,"comment_status":"open","ping_status":"open","sticky":false,"template":"","format":"standard","meta":[],"categories":[14,18,8],"tags":[],"_links":{"self":[{"href":"\/mujeresmedellin\/wp-json\/wp\/v2\/posts\/4083"}],"collection":[{"href":"\/mujeresmedellin\/wp-json\/wp\/v2\/posts"}],"about":[{"href":"\/mujeresmedellin\/wp-json\/wp\/v2\/types\/post"}],"author":[{"embeddable":true,"href":"\/mujeresmedellin\/wp-json\/wp\/v2\/users\/2"}],"replies":[{"embeddable":true,"href":"\/mujeresmedellin\/wp-json\/wp\/v2\/comments?post=4083"}],"version-history":[{"count":8,"href":"\/mujeresmedellin\/wp-json\/wp\/v2\/posts\/4083\/revisions"}],"predecessor-version":[{"id":4092,"href":"\/mujeresmedellin\/wp-json\/wp\/v2\/posts\/4083\/revisions\/4092"}],"wp:featuredmedia":[{"embeddable":true,"href":"\/mujeresmedellin\/wp-json\/wp\/v2\/media\/4291"}],"wp:attachment":[{"href":"\/mujeresmedellin\/wp-json\/wp\/v2\/media?parent=4083"}],"wp:term":[{"taxonomy":"category","embeddable":true,"href":"\/mujeresmedellin\/wp-json\/wp\/v2\/categories?post=4083"},{"taxonomy":"post_tag","embeddable":true,"href":"\/mujeresmedellin\/wp-json\/wp\/v2\/tags?post=4083"}],"curies":[{"name":"wp","href":"https:\/\/api.w.org\/{rel}","templated":true}]}}