{"id":4133,"date":"2023-12-26T15:24:25","date_gmt":"2023-12-26T20:24:25","guid":{"rendered":"\/mujeresmedellin\/?p=4133"},"modified":"2023-12-27T06:54:15","modified_gmt":"2023-12-27T11:54:15","slug":"450-personas-se-unieron-a-la-celebracion-del-dia-de-la-mujer-rural-en-medellin","status":"publish","type":"post","link":"\/mujeresmedellin\/450-personas-se-unieron-a-la-celebracion-del-dia-de-la-mujer-rural-en-medellin\/","title":{"rendered":"450 personas se unieron a la celebraci\u00f3n del D\u00eda de la Mujer Rural en Medell\u00edn"},"content":{"rendered":"\t\t<div data-elementor-type=\"wp-post\" data-elementor-id=\"4133\" class=\"elementor elementor-4133\">\n\t\t\t\t\t\t\t\t\t<section class=\"elementor-section elementor-top-section elementor-element elementor-element-5bd38a8 elementor-section-boxed elementor-section-height-default elementor-section-height-default\" data-id=\"5bd38a8\" data-element_type=\"section\">\n\t\t\t\t\t\t<div class=\"elementor-container elementor-column-gap-default\">\n\t\t\t\t\t<div class=\"elementor-column elementor-col-50 elementor-top-column elementor-element elementor-element-a78739c\" data-id=\"a78739c\" data-element_type=\"column\">\n\t\t\t<div class=\"elementor-widget-wrap elementor-element-populated\">\n\t\t\t\t\t\t\t\t<div class=\"elementor-element elementor-element-7c4233d elementor-widget elementor-widget-image\" data-id=\"7c4233d\" data-element_type=\"widget\" data-widget_type=\"image.default\">\n\t\t\t\t<div class=\"elementor-widget-container\">\n\t\t\t<style>\/*! elementor - v3.12.2 - 23-04-2023 *\/\n.elementor-widget-image{text-align:center}.elementor-widget-image a{display:inline-block}.elementor-widget-image a img[src$=\".svg\"]{width:48px}.elementor-widget-image img{vertical-align:middle;display:inline-block}<\/style>\t\t\t\t\t\t\t\t\t\t\t\t<img decoding=\"async\" width=\"800\" height=\"534\" src=\"\/mujeresmedellin\/wp-content\/uploads\/2023\/12\/rurales-1024x683.jpg\" class=\"attachment-large size-large wp-image-4134\" alt=\"\" loading=\"lazy\" srcset=\"\/mujeresmedellin\/wp-content\/uploads\/2023\/12\/rurales-1024x683.jpg 1024w, \/mujeresmedellin\/wp-content\/uploads\/2023\/12\/rurales-300x200.jpg 300w, \/mujeresmedellin\/wp-content\/uploads\/2023\/12\/rurales-768x512.jpg 768w, \/mujeresmedellin\/wp-content\/uploads\/2023\/12\/rurales.jpg 1280w\" sizes=\"(max-width: 800px) 100vw, 800px\" \/>\t\t\t\t\t\t\t\t\t\t\t\t\t\t\t<\/div>\n\t\t\t\t<\/div>\n\t\t\t\t\t<\/div>\n\t\t<\/div>\n\t\t\t\t<div class=\"elementor-column elementor-col-50 elementor-top-column elementor-element elementor-element-9ae3ffe\" data-id=\"9ae3ffe\" data-element_type=\"column\">\n\t\t\t<div class=\"elementor-widget-wrap elementor-element-populated\">\n\t\t\t\t\t\t\t\t<div class=\"elementor-element elementor-element-553c870 elementor-widget elementor-widget-text-editor\" data-id=\"553c870\" data-element_type=\"widget\" data-widget_type=\"text-editor.default\">\n\t\t\t\t<div class=\"elementor-widget-container\">\n\t\t\t<style>\/*! elementor - v3.12.2 - 23-04-2023 *\/\n.elementor-widget-text-editor.elementor-drop-cap-view-stacked .elementor-drop-cap{background-color:#69727d;color:#fff}.elementor-widget-text-editor.elementor-drop-cap-view-framed .elementor-drop-cap{color:#69727d;border:3px solid;background-color:transparent}.elementor-widget-text-editor:not(.elementor-drop-cap-view-default) .elementor-drop-cap{margin-top:8px}.elementor-widget-text-editor:not(.elementor-drop-cap-view-default) .elementor-drop-cap-letter{width:1em;height:1em}.elementor-widget-text-editor .elementor-drop-cap{float:left;text-align:center;line-height:1;font-size:50px}.elementor-widget-text-editor .elementor-drop-cap-letter{display:inline-block}<\/style>\t\t\t\t<p><ul><li><b>Con actividades recreativas y formativas, Medell\u00edn homenaje\u00f3 a las mujeres rurales.<\/b><\/li><li><b>Mujeres de los cinco corregimientos participaron en la jornada.<\/b><\/li><li><b style=\"background-color: transparent; color: var( --e-global-color-text ); font-family: var( --e-global-typography-text-font-family ), Sans-serif; text-align: var(--bs-body-text-align);\">&nbsp;250 personas asistieron al foro \u201cSituaci\u00f3n de la mujer en los sistemas agroalimentarios\u201d, con representantes nacionales e internacionales.<\/b><\/li><\/ul><\/p>\t\t\t\t\t\t<\/div>\n\t\t\t\t<\/div>\n\t\t\t\t\t<\/div>\n\t\t<\/div>\n\t\t\t\t\t\t\t<\/div>\n\t\t<\/section>\n\t\t\t\t<section class=\"elementor-section elementor-top-section elementor-element elementor-element-2110962 elementor-section-boxed elementor-section-height-default elementor-section-height-default\" data-id=\"2110962\" data-element_type=\"section\">\n\t\t\t\t\t\t<div class=\"elementor-container elementor-column-gap-default\">\n\t\t\t\t\t<div class=\"elementor-column elementor-col-100 elementor-top-column elementor-element elementor-element-5aa2661\" data-id=\"5aa2661\" data-element_type=\"column\">\n\t\t\t<div class=\"elementor-widget-wrap elementor-element-populated\">\n\t\t\t\t\t\t\t\t<div class=\"elementor-element elementor-element-e6dacfb elementor-widget elementor-widget-text-editor\" data-id=\"e6dacfb\" data-element_type=\"widget\" data-widget_type=\"text-editor.default\">\n\t\t\t\t<div class=\"elementor-widget-container\">\n\t\t\t\t\t\t\t<p>El Distrito conmemor\u00f3 el D\u00eda de la Mujer Rural en Medell\u00edn, entendiendo la importancia que tienen las mujeres rurales como actoras indispensables para la construcci\u00f3n de una sociedad con desarrollo y condiciones de vida digna. <p>\n\nLa celebraci\u00f3n cont\u00f3 con dos actividades centrales: una jornada recreativa y pedag\u00f3gica, en el Centro de Eventos Tropical Club y con la participaci\u00f3n de 200 mujeres de los cinco corregimientos; y el foro \u201cSituaci\u00f3n de la mujer en los sistemas agroalimentarios\u201d, que se llev\u00f3 a cabo en el auditorio de Plaza de la Libertad, con 250 personas de diversos sectores e instituciones, para reconocer la importancia de la mujer en las pr\u00e1cticas de seguridad alimentaria. <p>\n\nLa jornada recreativa congreg\u00f3 a mujeres de los corregimientos Santa Elena, San Antonio de Prado, San Crist\u00f3bal, Altavista y San Sebasti\u00e1n de Palmitas, quienes disfrutaron de espacios formativos y de cuidados para s\u00ed mismas; adem\u00e1s de actividades de meditaci\u00f3n, cocina saludable, art\u00edsticas, juegos, atracciones acu\u00e1ticas y show cultural.<p>\n\n\u201cLas mujeres rurales se merecen todo. Son quienes, con sus manos, con su esfuerzo, con su trabajo, sostienen la vida, cultivan la tierra y buscan mejores posibilidades para otras mujeres, para sus comunidades y para todas las personas que viven en sus corregimientos. Reconocemos la labor tan importante que ellas realizan, pero tambi\u00e9n los grandes retos porque, justo en esas desigualdades, las mujeres siguen teniendo afectaciones. Tenemos grandes retos para lograr que cada d\u00eda puedan acceder m\u00e1s a derechos, a cuidados, a recreaci\u00f3n, a unos derechos reproductivos que les permitan sentirse due\u00f1as de sus cuerpos, en el ejercicio de todos los derechos\u201d, resalt\u00f3 la secretaria (e) de las Mujeres, Yulieth Villegas.<p>\n\nLas mujeres hacen parte de los procesos de Ruta de Autonom\u00eda Econ\u00f3mica, Red Corregimental de Mujeres, Colectivos de Mujeres, representantes del sector Mujeres del Consejo Corregimental de Planeaci\u00f3n, Comit\u00e9 de Interlocuci\u00f3n (representantes del sector rural y\/o campesino), expresiones organizativas, Mujeres J\u00f3venes Talento y que residen en los corregimientos de Medell\u00edn.<p> \n\n\u201cPara nosotras, las mujeres rurales, es demasiado importante este d\u00eda que se est\u00e1 celebrando hoy, el de las mujeres rurales, ya que esto dignifica cada d\u00eda la labor y la funci\u00f3n de las mujeres campesinas, y hace que ellas se sientan ratificadas e identificadas como mujeres rurales; les valora mucho esa importancia y todo ese quehacer no solo del hogar, sino de la participaci\u00f3n ciudadana, de la participaci\u00f3n comunitaria y como colectivos y juntas de mujeres rurales en los cinco corregimientos de Medell\u00edn\u201d, se\u00f1al\u00f3 Diana Mar\u00eda Cata\u00f1o Arboleda, vocera de las mujeres rurales.<p>\n\nPor otra parte y con el objetivo de generar un espacio de apropiaci\u00f3n social de conocimiento en torno a la participaci\u00f3n de la mujer en los sistemas agroalimentarios, que permita la transformaci\u00f3n rural inclusiva y la igualdad de g\u00e9nero, la Gerencia de Corregimientos realiz\u00f3 el foro \u201cSituaci\u00f3n de la mujer en los sistemas agroalimentarios\u201d, que cont\u00f3 con la participaci\u00f3n de diferentes instituciones como la Universidad de Antioquia, la Corporaci\u00f3n Universitaria Remington, el Centro de Coordinaci\u00f3n de Sistemas Alimentarios de las Naciones Unidas y la Corporaci\u00f3n Mujeres y Familia El Vergel, que a\u00fanan esfuerzos para eliminar brechas y desigualdades para las mujeres rurales de Medell\u00edn. <p>\n\n\u201cSabemos de las luchas de las mujeres y de lo complejo que ha sido el reconocimiento de muchos de sus derechos. Ellas, en los sistemas agroalimentarios, cumplen un papel fundamental, no solo en el cultivo de los alimentos, sino tambi\u00e9n en las cosechas, en la transformaci\u00f3n de los alimentos y en la comercializaci\u00f3n de los mismos. Por esto, porque es el tiempo de las mujeres, desde la Gerencia de Corregimientos queremos valorar, reconocer, reflexionar acerca del papel de las mujeres rurales en los sistemas agroalimentarios, para que nos ayuden a fortalecer este rol tan importante que cumplen en la ruralidad, no s\u00f3lo de nuestros corregimientos, sino tambi\u00e9n en el pa\u00eds\u201d, dijo el gerente (e) de Corregimientos, Alexis Mej\u00eda. <p>\n\nEsta celebraci\u00f3n, que se lleva a cabo en la conmemoraci\u00f3n del D\u00eda Internacional de la Mujer Rural, en cumplimiento de lo establecido por la Asamblea General de Naciones Unidas, en su Resoluci\u00f3n 62\/136 del 18 de octubre de 2007, recuerda el lugar protag\u00f3nico que tienen las mujeres del Distrito en la construcci\u00f3n de la Medell\u00edn Futuro.\n<\/p>\t\t\t\t\t\t<\/div>\n\t\t\t\t<\/div>\n\t\t\t\t\t<\/div>\n\t\t<\/div>\n\t\t\t\t\t\t\t<\/div>\n\t\t<\/section>\n\t\t\t\t\t\t\t<\/div>\n\t\t","protected":false},"excerpt":{"rendered":"<p>Con actividades recreativas y formativas, Medell\u00edn homenaje\u00f3 a las mujeres rurales. Mujeres de los cinco corregimientos participaron en la jornada. &nbsp;250 personas asistieron al foro \u201cSituaci\u00f3n de la mujer en los sistemas agroalimentarios\u201d, con representantes nacionales e internacionales. El Distrito conmemor\u00f3 el D\u00eda de la Mujer Rural en Medell\u00edn, entendiendo la importancia que tienen las [&hellip;]<\/p>\n","protected":false},"author":2,"featured_media":4278,"comment_status":"open","ping_status":"open","sticky":false,"template":"","format":"standard","meta":[],"categories":[14,15,8,1],"tags":[],"_links":{"self":[{"href":"\/mujeresmedellin\/wp-json\/wp\/v2\/posts\/4133"}],"collection":[{"href":"\/mujeresmedellin\/wp-json\/wp\/v2\/posts"}],"about":[{"href":"\/mujeresmedellin\/wp-json\/wp\/v2\/types\/post"}],"author":[{"embeddable":true,"href":"\/mujeresmedellin\/wp-json\/wp\/v2\/users\/2"}],"replies":[{"embeddable":true,"href":"\/mujeresmedellin\/wp-json\/wp\/v2\/comments?post=4133"}],"version-history":[{"count":7,"href":"\/mujeresmedellin\/wp-json\/wp\/v2\/posts\/4133\/revisions"}],"predecessor-version":[{"id":4141,"href":"\/mujeresmedellin\/wp-json\/wp\/v2\/posts\/4133\/revisions\/4141"}],"wp:featuredmedia":[{"embeddable":true,"href":"\/mujeresmedellin\/wp-json\/wp\/v2\/media\/4278"}],"wp:attachment":[{"href":"\/mujeresmedellin\/wp-json\/wp\/v2\/media?parent=4133"}],"wp:term":[{"taxonomy":"category","embeddable":true,"href":"\/mujeresmedellin\/wp-json\/wp\/v2\/categories?post=4133"},{"taxonomy":"post_tag","embeddable":true,"href":"\/mujeresmedellin\/wp-json\/wp\/v2\/tags?post=4133"}],"curies":[{"name":"wp","href":"https:\/\/api.w.org\/{rel}","templated":true}]}}