{"id":4142,"date":"2023-12-26T15:29:44","date_gmt":"2023-12-26T20:29:44","guid":{"rendered":"\/mujeresmedellin\/?p=4142"},"modified":"2023-12-27T06:51:40","modified_gmt":"2023-12-27T11:51:40","slug":"medellin-supero-la-meta-establecida-en-2023-para-la-formacion-social-y-politica-de-mujeres-rurales-y-urbanas","status":"publish","type":"post","link":"\/mujeresmedellin\/medellin-supero-la-meta-establecida-en-2023-para-la-formacion-social-y-politica-de-mujeres-rurales-y-urbanas\/","title":{"rendered":"Medell\u00edn super\u00f3 la meta establecida en 2023 para la formaci\u00f3n social y pol\u00edtica de mujeres rurales\u00a0y\u00a0urbanas"},"content":{"rendered":"\t\t<div data-elementor-type=\"wp-post\" data-elementor-id=\"4142\" class=\"elementor elementor-4142\">\n\t\t\t\t\t\t\t\t\t<section class=\"elementor-section elementor-top-section elementor-element elementor-element-850a078 elementor-section-boxed elementor-section-height-default elementor-section-height-default\" data-id=\"850a078\" data-element_type=\"section\">\n\t\t\t\t\t\t<div class=\"elementor-container elementor-column-gap-default\">\n\t\t\t\t\t<div class=\"elementor-column elementor-col-50 elementor-top-column elementor-element elementor-element-479bc93\" data-id=\"479bc93\" data-element_type=\"column\">\n\t\t\t<div class=\"elementor-widget-wrap elementor-element-populated\">\n\t\t\t\t\t\t\t\t<div class=\"elementor-element elementor-element-54649ec elementor-widget elementor-widget-image\" data-id=\"54649ec\" data-element_type=\"widget\" data-widget_type=\"image.default\">\n\t\t\t\t<div class=\"elementor-widget-container\">\n\t\t\t<style>\/*! elementor - v3.12.2 - 23-04-2023 *\/\n.elementor-widget-image{text-align:center}.elementor-widget-image a{display:inline-block}.elementor-widget-image a img[src$=\".svg\"]{width:48px}.elementor-widget-image img{vertical-align:middle;display:inline-block}<\/style>\t\t\t\t\t\t\t\t\t\t\t\t<img decoding=\"async\" width=\"800\" height=\"534\" src=\"\/mujeresmedellin\/wp-content\/uploads\/2023\/12\/formacion-1024x683.jpg\" class=\"attachment-large size-large wp-image-4144\" alt=\"\" loading=\"lazy\" srcset=\"\/mujeresmedellin\/wp-content\/uploads\/2023\/12\/formacion-1024x683.jpg 1024w, \/mujeresmedellin\/wp-content\/uploads\/2023\/12\/formacion-300x200.jpg 300w, \/mujeresmedellin\/wp-content\/uploads\/2023\/12\/formacion-768x512.jpg 768w, \/mujeresmedellin\/wp-content\/uploads\/2023\/12\/formacion.jpg 1280w\" sizes=\"(max-width: 800px) 100vw, 800px\" \/>\t\t\t\t\t\t\t\t\t\t\t\t\t\t\t<\/div>\n\t\t\t\t<\/div>\n\t\t\t\t\t<\/div>\n\t\t<\/div>\n\t\t\t\t<div class=\"elementor-column elementor-col-50 elementor-top-column elementor-element elementor-element-a52ad46\" data-id=\"a52ad46\" data-element_type=\"column\">\n\t\t\t<div class=\"elementor-widget-wrap elementor-element-populated\">\n\t\t\t\t\t\t\t\t<div class=\"elementor-element elementor-element-ca2eda0 elementor-widget elementor-widget-text-editor\" data-id=\"ca2eda0\" data-element_type=\"widget\" data-widget_type=\"text-editor.default\">\n\t\t\t\t<div class=\"elementor-widget-container\">\n\t\t\t<style>\/*! elementor - v3.12.2 - 23-04-2023 *\/\n.elementor-widget-text-editor.elementor-drop-cap-view-stacked .elementor-drop-cap{background-color:#69727d;color:#fff}.elementor-widget-text-editor.elementor-drop-cap-view-framed .elementor-drop-cap{color:#69727d;border:3px solid;background-color:transparent}.elementor-widget-text-editor:not(.elementor-drop-cap-view-default) .elementor-drop-cap{margin-top:8px}.elementor-widget-text-editor:not(.elementor-drop-cap-view-default) .elementor-drop-cap-letter{width:1em;height:1em}.elementor-widget-text-editor .elementor-drop-cap{float:left;text-align:center;line-height:1;font-size:50px}.elementor-widget-text-editor .elementor-drop-cap-letter{display:inline-block}<\/style>\t\t\t\t<p><ul><li><b>El Distrito cumpli\u00f3 en un 106 % el indicador de mujeres capacitadas en esa \u00e1rea. De las 80 que se certificaron 29 son rurales y 51 viven en zona urbana.<\/b><\/li><li><b>Dos grupos de participantes realizaron el tercer nivel y un grupo finaliz\u00f3 el nivel 2, cada uno con una duraci\u00f3n de 30 horas.\n<\/b><\/li><\/ul><\/p>\t\t\t\t\t\t<\/div>\n\t\t\t\t<\/div>\n\t\t\t\t\t<\/div>\n\t\t<\/div>\n\t\t\t\t\t\t\t<\/div>\n\t\t<\/section>\n\t\t\t\t<section class=\"elementor-section elementor-top-section elementor-element elementor-element-61044b8 elementor-section-boxed elementor-section-height-default elementor-section-height-default\" data-id=\"61044b8\" data-element_type=\"section\">\n\t\t\t\t\t\t<div class=\"elementor-container elementor-column-gap-default\">\n\t\t\t\t\t<div class=\"elementor-column elementor-col-100 elementor-top-column elementor-element elementor-element-88cd1f1\" data-id=\"88cd1f1\" data-element_type=\"column\">\n\t\t\t<div class=\"elementor-widget-wrap elementor-element-populated\">\n\t\t\t\t\t\t\t\t<div class=\"elementor-element elementor-element-c97f74d elementor-widget elementor-widget-text-editor\" data-id=\"c97f74d\" data-element_type=\"widget\" data-widget_type=\"text-editor.default\">\n\t\t\t\t<div class=\"elementor-widget-container\">\n\t\t\t\t\t\t\t<p>Para fortalecer los liderazgos sanos en los territorios de Medell\u00edn, la Alcald\u00eda de Medell\u00edn facilit\u00f3 el entrenamiento social y pol\u00edtico de las mujeres. La meta establecida era de 75 y, gracias a la acogida de la formaci\u00f3n, se certificaron 80 ciudadanas rurales y urbanas. La experiencia fue significativa para ellas, ya que potenci\u00f3 habilidades como la comunicaci\u00f3n, la confianza y mayores argumentos en sus discursos y el reconocimiento de la importancia de sus liderazgos.<p>\n\n\u201cEn an\u00e1lisis realizados por diferentes entidades, se identifica que las mujeres y su capacidad de incidencia no est\u00e1 necesariamente mediada por el reconocimiento que tengan sobre temas y normatividades. Es necesario impulsar habilidades y destrezas. Por eso, este entrenamiento social y pol\u00edtico se convierte en la posibilidad de que adquieran estrategias para poner su palabra, para estructurar discursos, para generar estrategias de manera colectiva. Hoy celebramos la certificaci\u00f3n que realizamos a quienes estuvieron en el entrenamiento social y pol\u00edtico en este a\u00f1o e invitamos a que su acci\u00f3n sea colectiva y que vincule a otras mujeres para el desarrollo en la igualdad de g\u00e9nero\u201d, se\u00f1al\u00f3 la subsecretaria de Derechos de la Secretar\u00eda de las Mujeres, Yulieth Villegas. <p>\n\nLas participantes recibieron formaci\u00f3n, durante 30 horas, sobre el reconocimiento de las violencias basadas en g\u00e9nero, los derechos humanos, el diagn\u00f3stico de habilidades comunicativas, las habilidades para el liderazgo, la incidencia pol\u00edtica, las herramientas para la recolecci\u00f3n de informaci\u00f3n y la estructura discursiva.<p>\n\n\u201cMe siento muy contenta y agradecida con la secretar\u00eda, porque ha hecho posible este entrenamiento social y pol\u00edtico, en el cual hemos aprendido muchas cosas como los derechos. Realmente he podido aprovechar todo eso, porque antes desconoc\u00eda much\u00edsimas cosas. Ahora s\u00e9 que tengo una secretar\u00eda que ayuda a las mujeres y que brinda estas capacitaciones para que crezcamos en conocimiento pol\u00edtico y social. Ojal\u00e1 se sigan entrenando para que se formen buenas lideresas\u201d, dijo Yaneth C\u00e1rdenas, de la comuna 80-San Antonio de Prado.<p>\n\nEsta formaci\u00f3n, que cumpli\u00f3 con el 106 % de la meta de 2023, favorece la consolidaci\u00f3n de liderazgos de mujeres en las comunas, para construir vidas libres de violencia, as\u00ed como para gestionar e incidir pol\u00edticamente en los territorios. \n<\/p>\t\t\t\t\t\t<\/div>\n\t\t\t\t<\/div>\n\t\t\t\t\t<\/div>\n\t\t<\/div>\n\t\t\t\t\t\t\t<\/div>\n\t\t<\/section>\n\t\t\t\t\t\t\t<\/div>\n\t\t","protected":false},"excerpt":{"rendered":"<p>El Distrito cumpli\u00f3 en un 106 % el indicador de mujeres capacitadas en esa \u00e1rea. De las 80 que se certificaron 29 son rurales y 51 viven en zona urbana. Dos grupos de participantes realizaron el tercer nivel y un grupo finaliz\u00f3 el nivel 2, cada uno con una duraci\u00f3n de 30 horas. Para fortalecer [&hellip;]<\/p>\n","protected":false},"author":2,"featured_media":4277,"comment_status":"open","ping_status":"open","sticky":false,"template":"","format":"standard","meta":[],"categories":[14,15,8,1],"tags":[],"_links":{"self":[{"href":"\/mujeresmedellin\/wp-json\/wp\/v2\/posts\/4142"}],"collection":[{"href":"\/mujeresmedellin\/wp-json\/wp\/v2\/posts"}],"about":[{"href":"\/mujeresmedellin\/wp-json\/wp\/v2\/types\/post"}],"author":[{"embeddable":true,"href":"\/mujeresmedellin\/wp-json\/wp\/v2\/users\/2"}],"replies":[{"embeddable":true,"href":"\/mujeresmedellin\/wp-json\/wp\/v2\/comments?post=4142"}],"version-history":[{"count":8,"href":"\/mujeresmedellin\/wp-json\/wp\/v2\/posts\/4142\/revisions"}],"predecessor-version":[{"id":4151,"href":"\/mujeresmedellin\/wp-json\/wp\/v2\/posts\/4142\/revisions\/4151"}],"wp:featuredmedia":[{"embeddable":true,"href":"\/mujeresmedellin\/wp-json\/wp\/v2\/media\/4277"}],"wp:attachment":[{"href":"\/mujeresmedellin\/wp-json\/wp\/v2\/media?parent=4142"}],"wp:term":[{"taxonomy":"category","embeddable":true,"href":"\/mujeresmedellin\/wp-json\/wp\/v2\/categories?post=4142"},{"taxonomy":"post_tag","embeddable":true,"href":"\/mujeresmedellin\/wp-json\/wp\/v2\/tags?post=4142"}],"curies":[{"name":"wp","href":"https:\/\/api.w.org\/{rel}","templated":true}]}}