{"id":4172,"date":"2023-12-26T15:41:28","date_gmt":"2023-12-26T20:41:28","guid":{"rendered":"\/mujeresmedellin\/?p=4172"},"modified":"2023-12-27T06:42:16","modified_gmt":"2023-12-27T11:42:16","slug":"1-200-mujeres-privadas-de-la-libertad-se-beneficiaron-con-brigada-de-salud-menstrual-y-reproductiva","status":"publish","type":"post","link":"\/mujeresmedellin\/1-200-mujeres-privadas-de-la-libertad-se-beneficiaron-con-brigada-de-salud-menstrual-y-reproductiva\/","title":{"rendered":"1.200 mujeres privadas de la libertad se beneficiaron con Brigada de Salud Menstrual\u00a0y\u00a0Reproductiva"},"content":{"rendered":"\t\t<div data-elementor-type=\"wp-post\" data-elementor-id=\"4172\" class=\"elementor elementor-4172\">\n\t\t\t\t\t\t\t\t\t<section class=\"elementor-section elementor-top-section elementor-element elementor-element-67329c4 elementor-section-boxed elementor-section-height-default elementor-section-height-default\" data-id=\"67329c4\" data-element_type=\"section\">\n\t\t\t\t\t\t<div class=\"elementor-container elementor-column-gap-default\">\n\t\t\t\t\t<div class=\"elementor-column elementor-col-50 elementor-top-column elementor-element elementor-element-669aaa7\" data-id=\"669aaa7\" data-element_type=\"column\">\n\t\t\t<div class=\"elementor-widget-wrap elementor-element-populated\">\n\t\t\t\t\t\t\t\t<div class=\"elementor-element elementor-element-bc8fd12 elementor-widget elementor-widget-image\" data-id=\"bc8fd12\" data-element_type=\"widget\" data-widget_type=\"image.default\">\n\t\t\t\t<div class=\"elementor-widget-container\">\n\t\t\t<style>\/*! elementor - v3.12.2 - 23-04-2023 *\/\n.elementor-widget-image{text-align:center}.elementor-widget-image a{display:inline-block}.elementor-widget-image a img[src$=\".svg\"]{width:48px}.elementor-widget-image img{vertical-align:middle;display:inline-block}<\/style>\t\t\t\t\t\t\t\t\t\t\t\t<img decoding=\"async\" width=\"800\" height=\"534\" src=\"\/mujeresmedellin\/wp-content\/uploads\/2023\/12\/pedregal-1024x683.jpg\" class=\"attachment-large size-large wp-image-4174\" alt=\"\" loading=\"lazy\" srcset=\"\/mujeresmedellin\/wp-content\/uploads\/2023\/12\/pedregal-1024x683.jpg 1024w, \/mujeresmedellin\/wp-content\/uploads\/2023\/12\/pedregal-300x200.jpg 300w, \/mujeresmedellin\/wp-content\/uploads\/2023\/12\/pedregal-768x512.jpg 768w, \/mujeresmedellin\/wp-content\/uploads\/2023\/12\/pedregal.jpg 1280w\" sizes=\"(max-width: 800px) 100vw, 800px\" \/>\t\t\t\t\t\t\t\t\t\t\t\t\t\t\t<\/div>\n\t\t\t\t<\/div>\n\t\t\t\t\t<\/div>\n\t\t<\/div>\n\t\t\t\t<div class=\"elementor-column elementor-col-50 elementor-top-column elementor-element elementor-element-32b23cf\" data-id=\"32b23cf\" data-element_type=\"column\">\n\t\t\t<div class=\"elementor-widget-wrap elementor-element-populated\">\n\t\t\t\t\t\t\t\t<div class=\"elementor-element elementor-element-9d659c7 elementor-widget elementor-widget-text-editor\" data-id=\"9d659c7\" data-element_type=\"widget\" data-widget_type=\"text-editor.default\">\n\t\t\t\t<div class=\"elementor-widget-container\">\n\t\t\t<style>\/*! elementor - v3.12.2 - 23-04-2023 *\/\n.elementor-widget-text-editor.elementor-drop-cap-view-stacked .elementor-drop-cap{background-color:#69727d;color:#fff}.elementor-widget-text-editor.elementor-drop-cap-view-framed .elementor-drop-cap{color:#69727d;border:3px solid;background-color:transparent}.elementor-widget-text-editor:not(.elementor-drop-cap-view-default) .elementor-drop-cap{margin-top:8px}.elementor-widget-text-editor:not(.elementor-drop-cap-view-default) .elementor-drop-cap-letter{width:1em;height:1em}.elementor-widget-text-editor .elementor-drop-cap{float:left;text-align:center;line-height:1;font-size:50px}.elementor-widget-text-editor .elementor-drop-cap-letter{display:inline-block}<\/style>\t\t\t\t<p><ul><li><b>1.100 mujeres recibieron insumos para gestionar su menstruaci\u00f3n. <\/b><\/li><li><b>Tambi\u00e9n, accedieron a m\u00e9todos de regulaci\u00f3n de la fertilidad de mediana y larga duraci\u00f3n.<\/b><\/li><li><b>Hasta octubre, la Alcald\u00eda de Medell\u00edn asesor\u00f3 a m\u00e1s de 20.000 mujeres en derechos sexuales y reproductivos; y en salud menstrual a 20.309 mujeres, quienes adem\u00e1s accedieron a productos de gesti\u00f3n menstrual.\n<\/b><\/li><\/ul><\/p>\t\t\t\t\t\t<\/div>\n\t\t\t\t<\/div>\n\t\t\t\t\t<\/div>\n\t\t<\/div>\n\t\t\t\t\t\t\t<\/div>\n\t\t<\/section>\n\t\t\t\t<section class=\"elementor-section elementor-top-section elementor-element elementor-element-6f2a906 elementor-section-boxed elementor-section-height-default elementor-section-height-default\" data-id=\"6f2a906\" data-element_type=\"section\">\n\t\t\t\t\t\t<div class=\"elementor-container elementor-column-gap-default\">\n\t\t\t\t\t<div class=\"elementor-column elementor-col-100 elementor-top-column elementor-element elementor-element-eab5be5\" data-id=\"eab5be5\" data-element_type=\"column\">\n\t\t\t<div class=\"elementor-widget-wrap elementor-element-populated\">\n\t\t\t\t\t\t\t\t<div class=\"elementor-element elementor-element-c1121fb elementor-widget elementor-widget-text-editor\" data-id=\"c1121fb\" data-element_type=\"widget\" data-widget_type=\"text-editor.default\">\n\t\t\t\t<div class=\"elementor-widget-container\">\n\t\t\t\t\t\t\t<p>Con una brigada de salud en el Centro Penitenciario El Pedregal, 1.200 mujeres privadas de la libertad accedieron a beneficios para su salud menstrual y reproductiva. De ellas, 1.100 recibieron productos para la gesti\u00f3n menstrual y preservativos. Hubo actividades de sensibilizaci\u00f3n sobre el autocuidado, la dignidad menstrual y el derecho a una maternidad deseada; se efectuaron implantes subd\u00e9rmicos; y se aplicaron dispositivos intrauterinos para evitar embarazos no planeados.<p>\n\n\u201cMenstruar en condiciones dignas es un derecho. Desde la Secretar\u00eda de las Mujeres seguimos avanzando en el reto de que 25.000 mujeres sean sensibilizadas y reciban insumos para su menstruaci\u00f3n. Para esto, hemos priorizado a mujeres con experiencias menstruales m\u00e1s complejas y que tienen barreras para acceder a estos insumos, como las operarias de barrido, las mujeres de bajos recursos, las mujeres migrantes y, en este caso, las mujeres privadas de la libertad. En el Centro Penitenciario El Pedregal, 1.100 mujeres recibieron preservativos e insumos para la gesti\u00f3n de su menstruaci\u00f3n. Adem\u00e1s, en alianza con la Fundaci\u00f3n UniM\u00e9dicos, accedieron a m\u00e9todos de regulaci\u00f3n de la fertilidad. Esta es la revoluci\u00f3n de los derechos sexuales, menstruales y reproductivos, en la que las mujeres de Medell\u00edn podemos decir que menstruar en condiciones dignas es un derecho de todas\u201d, resalt\u00f3 la secretaria de las Mujeres, Ang\u00e9lica Ortiz Maya.<p>\n\nLa funcionaria subray\u00f3 la importancia de que las mujeres privadas de la libertad, en edad reproductiva, puedan acceder a m\u00e9todos anticonceptivos de mediana y larga duraci\u00f3n. Esto significa la materializaci\u00f3n del derecho a elegir o no la maternidad como proyecto de vida.<p>\n\nLa menstruaci\u00f3n est\u00e1 \u00edntimamente ligada a los derechos humanos porque, en contextos de desigualdad, pobreza y violencia, las mujeres y personas menstruantes pueden llegar a sufrir exclusi\u00f3n, rechazo o discriminaci\u00f3n, si no cuentan con los medios y condiciones para gestionar dignamente su menstruaci\u00f3n. Por ello, acercar servicios de salud menstrual y reproductiva a las privadas de la libertad es un paso en firme hacia el goce efectivo de este derecho.<p>\n\n\u201cMe parece importante que hayan tra\u00eddo el implante, ya que nos cuida de un embarazo, pues en este lugar, ya que estamos privadas de la libertad y hay muchas cosas que no podemos tener, traer un hijo al mundo es un poco dif\u00edcil; entonces, me parece muy bien que nos hayan colaborado y pensado en nosotras, en este momento\u201d, manifest\u00f3 Izalia Andrea Garcia, beneficiaria de la jornada.<p>\n\nEn Medell\u00edn, con corte a octubre de 2023, m\u00e1s de 20.000 mujeres en edad reproductiva fueron asesoradas para la defensa de sus derechos sexuales y reproductivos. Y en relaci\u00f3n con el derecho a la salud menstrual, 20.309 mujeres de las 25.000 estipuladas, como meta para el cuatrienio, accedieron a productos de gesti\u00f3n menstrual y a asesor\u00eda en salud menstrual.<p> \n\nEntre las poblaciones m\u00e1s beneficiadas del componente de Salud Menstrual de la Secretar\u00eda de las Mujeres se encuentran 2.192 mujeres migrantes; 1.334 negras, afrodescendientes, raizales y palenqueras; 1.362 mujeres privadas de la libertad; 1.672 mujeres lesbianas, bisexuales y trans; 771 mujeres v\u00edctimas del conflicto armado; y otras, como cuidadoras, trabajadoras sexuales, habitantes de calle y venteras informales. <p>\n\nCon m\u00e1s del 82 % de la meta de salud menstrual cumplida y con la realizaci\u00f3n de m\u00e1s de 400 acciones de educaci\u00f3n y movilizaci\u00f3n social en esta tem\u00e1tica, en la Medell\u00edn Futuro se refrenda el compromiso con la defensa de los derechos de las mujeres, lo cual incluye la erradicaci\u00f3n de tab\u00faes para el logro de la dignidad menstrual.\n<\/p>\t\t\t\t\t\t<\/div>\n\t\t\t\t<\/div>\n\t\t\t\t\t<\/div>\n\t\t<\/div>\n\t\t\t\t\t\t\t<\/div>\n\t\t<\/section>\n\t\t\t\t\t\t\t<\/div>\n\t\t","protected":false},"excerpt":{"rendered":"<p>1.100 mujeres recibieron insumos para gestionar su menstruaci\u00f3n. Tambi\u00e9n, accedieron a m\u00e9todos de regulaci\u00f3n de la fertilidad de mediana y larga duraci\u00f3n. Hasta octubre, la Alcald\u00eda de Medell\u00edn asesor\u00f3 a m\u00e1s de 20.000 mujeres en derechos sexuales y reproductivos; y en salud menstrual a 20.309 mujeres, quienes adem\u00e1s accedieron a productos de gesti\u00f3n menstrual. Con [&hellip;]<\/p>\n","protected":false},"author":2,"featured_media":4275,"comment_status":"open","ping_status":"open","sticky":false,"template":"","format":"standard","meta":[],"categories":[14,15,8,1],"tags":[],"_links":{"self":[{"href":"\/mujeresmedellin\/wp-json\/wp\/v2\/posts\/4172"}],"collection":[{"href":"\/mujeresmedellin\/wp-json\/wp\/v2\/posts"}],"about":[{"href":"\/mujeresmedellin\/wp-json\/wp\/v2\/types\/post"}],"author":[{"embeddable":true,"href":"\/mujeresmedellin\/wp-json\/wp\/v2\/users\/2"}],"replies":[{"embeddable":true,"href":"\/mujeresmedellin\/wp-json\/wp\/v2\/comments?post=4172"}],"version-history":[{"count":8,"href":"\/mujeresmedellin\/wp-json\/wp\/v2\/posts\/4172\/revisions"}],"predecessor-version":[{"id":4181,"href":"\/mujeresmedellin\/wp-json\/wp\/v2\/posts\/4172\/revisions\/4181"}],"wp:featuredmedia":[{"embeddable":true,"href":"\/mujeresmedellin\/wp-json\/wp\/v2\/media\/4275"}],"wp:attachment":[{"href":"\/mujeresmedellin\/wp-json\/wp\/v2\/media?parent=4172"}],"wp:term":[{"taxonomy":"category","embeddable":true,"href":"\/mujeresmedellin\/wp-json\/wp\/v2\/categories?post=4172"},{"taxonomy":"post_tag","embeddable":true,"href":"\/mujeresmedellin\/wp-json\/wp\/v2\/tags?post=4172"}],"curies":[{"name":"wp","href":"https:\/\/api.w.org\/{rel}","templated":true}]}}