{"id":4182,"date":"2023-12-26T15:45:30","date_gmt":"2023-12-26T20:45:30","guid":{"rendered":"\/mujeresmedellin\/?p=4182"},"modified":"2023-12-27T06:40:10","modified_gmt":"2023-12-27T11:40:10","slug":"medellin-conmemora-el-dia-internacional-de-la-eliminacion-de-las-violencias-contra-las-mujeres-y-las-ninas-con-la-campana-todoslosdiasdigono","status":"publish","type":"post","link":"\/mujeresmedellin\/medellin-conmemora-el-dia-internacional-de-la-eliminacion-de-las-violencias-contra-las-mujeres-y-las-ninas-con-la-campana-todoslosdiasdigono\/","title":{"rendered":"Medell\u00edn conmemora el D\u00eda Internacional de la Eliminaci\u00f3n de las Violencias contra las Mujeres y las Ni\u00f1as, con la campa\u00f1a #TodosLosD\u00edasDigoNo"},"content":{"rendered":"\t\t<div data-elementor-type=\"wp-post\" data-elementor-id=\"4182\" class=\"elementor elementor-4182\">\n\t\t\t\t\t\t\t\t\t<section class=\"elementor-section elementor-top-section elementor-element elementor-element-922c62d elementor-section-boxed elementor-section-height-default elementor-section-height-default\" data-id=\"922c62d\" data-element_type=\"section\">\n\t\t\t\t\t\t<div class=\"elementor-container elementor-column-gap-default\">\n\t\t\t\t\t<div class=\"elementor-column elementor-col-50 elementor-top-column elementor-element elementor-element-e31393e\" data-id=\"e31393e\" data-element_type=\"column\">\n\t\t\t<div class=\"elementor-widget-wrap elementor-element-populated\">\n\t\t\t\t\t\t\t\t<div class=\"elementor-element elementor-element-8c6a600 elementor-widget elementor-widget-image\" data-id=\"8c6a600\" data-element_type=\"widget\" data-widget_type=\"image.default\">\n\t\t\t\t<div class=\"elementor-widget-container\">\n\t\t\t<style>\/*! elementor - v3.12.2 - 23-04-2023 *\/\n.elementor-widget-image{text-align:center}.elementor-widget-image a{display:inline-block}.elementor-widget-image a img[src$=\".svg\"]{width:48px}.elementor-widget-image img{vertical-align:middle;display:inline-block}<\/style>\t\t\t\t\t\t\t\t\t\t\t\t<img decoding=\"async\" width=\"800\" height=\"534\" src=\"\/mujeresmedellin\/wp-content\/uploads\/2023\/12\/25n-1024x683.jpg\" class=\"attachment-large size-large wp-image-4184\" alt=\"\" loading=\"lazy\" srcset=\"\/mujeresmedellin\/wp-content\/uploads\/2023\/12\/25n-1024x683.jpg 1024w, \/mujeresmedellin\/wp-content\/uploads\/2023\/12\/25n-300x200.jpg 300w, \/mujeresmedellin\/wp-content\/uploads\/2023\/12\/25n-768x512.jpg 768w, \/mujeresmedellin\/wp-content\/uploads\/2023\/12\/25n.jpg 1280w\" sizes=\"(max-width: 800px) 100vw, 800px\" \/>\t\t\t\t\t\t\t\t\t\t\t\t\t\t\t<\/div>\n\t\t\t\t<\/div>\n\t\t\t\t\t<\/div>\n\t\t<\/div>\n\t\t\t\t<div class=\"elementor-column elementor-col-50 elementor-top-column elementor-element elementor-element-ebceb0e\" data-id=\"ebceb0e\" data-element_type=\"column\">\n\t\t\t<div class=\"elementor-widget-wrap elementor-element-populated\">\n\t\t\t\t\t\t\t\t<div class=\"elementor-element elementor-element-1b83023 elementor-widget elementor-widget-text-editor\" data-id=\"1b83023\" data-element_type=\"widget\" data-widget_type=\"text-editor.default\">\n\t\t\t\t<div class=\"elementor-widget-container\">\n\t\t\t<style>\/*! elementor - v3.12.2 - 23-04-2023 *\/\n.elementor-widget-text-editor.elementor-drop-cap-view-stacked .elementor-drop-cap{background-color:#69727d;color:#fff}.elementor-widget-text-editor.elementor-drop-cap-view-framed .elementor-drop-cap{color:#69727d;border:3px solid;background-color:transparent}.elementor-widget-text-editor:not(.elementor-drop-cap-view-default) .elementor-drop-cap{margin-top:8px}.elementor-widget-text-editor:not(.elementor-drop-cap-view-default) .elementor-drop-cap-letter{width:1em;height:1em}.elementor-widget-text-editor .elementor-drop-cap{float:left;text-align:center;line-height:1;font-size:50px}.elementor-widget-text-editor .elementor-drop-cap-letter{display:inline-block}<\/style>\t\t\t\t<p><ul><li>&#8211;<b>TodosLosD\u00edasDigoNo busca evidenciar y transformar las pr\u00e1cticas machistas que promueven las violencias contra las mujeres.<\/b><\/li><li><b>En esta conmemoraci\u00f3n, se realizar\u00e1n actividades hasta el 10 de diciembre. <\/b><\/li><li><b>Con m\u00e1s de 15 eventos del #25N, el Distrito sigue trabajando por la eliminaci\u00f3n de las violencias contra las mujeres.\n<\/b><\/li><\/ul><\/p>\t\t\t\t\t\t<\/div>\n\t\t\t\t<\/div>\n\t\t\t\t\t<\/div>\n\t\t<\/div>\n\t\t\t\t\t\t\t<\/div>\n\t\t<\/section>\n\t\t\t\t<section class=\"elementor-section elementor-top-section elementor-element elementor-element-6330af9 elementor-section-boxed elementor-section-height-default elementor-section-height-default\" data-id=\"6330af9\" data-element_type=\"section\">\n\t\t\t\t\t\t<div class=\"elementor-container elementor-column-gap-default\">\n\t\t\t\t\t<div class=\"elementor-column elementor-col-100 elementor-top-column elementor-element elementor-element-afb3352\" data-id=\"afb3352\" data-element_type=\"column\">\n\t\t\t<div class=\"elementor-widget-wrap elementor-element-populated\">\n\t\t\t\t\t\t\t\t<div class=\"elementor-element elementor-element-2b2f114 elementor-widget elementor-widget-text-editor\" data-id=\"2b2f114\" data-element_type=\"widget\" data-widget_type=\"text-editor.default\">\n\t\t\t\t<div class=\"elementor-widget-container\">\n\t\t\t\t\t\t\t<p>En el D\u00eda Internacional de la Eliminaci\u00f3n de las Violencias contra las Mujeres y las Ni\u00f1as, que se conmemora todos los 25 de noviembre, la Alcald\u00eda de Medell\u00edn lanza la campa\u00f1a #TodosLosD\u00edasDigoNo, que busca reconocer las violencias y darle importancia a la acci\u00f3n de decir no para los hombres, como un acto de reconocimiento ante las  violencias normalizadas, para  transformar estas acciones que acarrean vulneraci\u00f3n de los derechos de las mujeres, y en el caso de las mujeres, para alertarse por la m\u00e1s m\u00ednima muestra de acoso, control, abuso o violencia, y desnaturalizar las violencias basadas en g\u00e9nero. <p>\n\nEsta campa\u00f1a, que tiene diferentes mensajes, como \u201ctodos los d\u00edas digo no, a considerar a las mujeres como mi propiedad\u201d, \u201ctodos los d\u00edas digo no, a quedarme callada cuando me violentan\u201d, \u201ctodos los d\u00edas digo no, a juzgar cualquier comportamiento, actitud o muestra de libertad femenina\u201d y \u201ctodos los d\u00edas digo no, a aceptar que los celos son una muestra de amor\u201d, acompa\u00f1ar\u00e1 m\u00e1s de 15 eventos el 25 de noviembre y en los 16 d\u00edas de activismo que van hasta el 10 de diciembre, D\u00eda de los Derechos Humanos. <p>\n\n\u201cEste 25 de noviembre, D\u00eda Internacional de la Eliminaci\u00f3n de las Violencias contra las Mujeres y las Ni\u00f1as, le decimos no la violencia machista. Por eso, desde la Secretar\u00eda de las Mujeres lanzamos la campa\u00f1a #TodosLosD\u00edasDigoNo, la cual busca transformar pr\u00e1cticas cotidianas que mantienen las violencias machistas, sexistas y patriarcales contra las mujeres. Estamos reivindicando la posibilidad de decir no a naturalizar las violencias; a sentir que debemos callar y avergonzarnos; a sentirnos solas ante las violencias. Invitamos a los hombres a decirle no a la masculinidad hegem\u00f3nica, a no atender sus emociones y su salud mental, a los comportamientos violentos contra las mujeres. Con programaci\u00f3n para todas, iniciaremos los 16 d\u00edas de activismo hasta el 10 de diciembre. El 29 de noviembre tendremos el evento central, para celebrar los 10 a\u00f1os de la L\u00ednea 123 Agencia Mujer, que se sumar\u00e1 a la agenda que hemos tenido con mujeres migrantes, ind\u00edgenas, emprendedoras y habitantes de las diferentes comunas\u201d, se\u00f1al\u00f3 la secretaria de las Mujeres, Ang\u00e9lica Ortiz Maya.<p>\n\nEsta campa\u00f1a se suma a las diferentes acciones de la Secretar\u00eda de las Mujeres para prevenir y atender a las mujeres que son v\u00edctimas de violencias basadas en g\u00e9nero. Durante el cuatrienio, 48.668 mujeres han sido atendidas por los cuatro mecanismos de atenci\u00f3n dispuestos para las mujeres: la L\u00ednea 123 Agencia Mujer, el mecanismo de Atenci\u00f3n Psicojur\u00eddica en territorio, Hogares de Acogida y el Mecanismo de Defensa T\u00e9cnica. <p>\n\n\u201cConsidero que en el 25N, d\u00eda en contra de las violencias contra las mujeres, hemos avanzado, hemos tenido algunos logros; pero gracias a estas luchas y gracias a esos esfuerzos, de la juntanza de mujeres y de las luchas de los diferentes movimientos de mujeres independientemente de qu\u00e9 etnia, de qu\u00e9 raza, de qu\u00e9 religi\u00f3n o de qu\u00e9 credo profesen, considero que es una lucha unida que puede hacer la diferencia. Entonces, invitar a la institucionalidad para que se puedan articular y as\u00ed implementar las garant\u00edas para restablecer los derechos que han sido vulnerados a tantas y tantas mujeres. Los feminicidios se siguen presentando, pero se est\u00e1 luchando en contra de eso, implementando estrategias a partir de la prevenci\u00f3n desde nuestros hogares y con la articulaci\u00f3n institucional\u201d, dijo la alcaldesa del Resguardo Quillasingas Pastos, Mary Luna Mora. <p>\n\nForos con mujeres migrantes, activaciones l\u00fadico pedag\u00f3gicas en Castilla y El Poblado, y la celebraci\u00f3n del tercer Encuentro de Mujeres Ind\u00edgenas, para promover la articulaci\u00f3n entre las mujeres de los 32 pueblos ind\u00edgenas que habitan en Medell\u00edn, hicieron parte de las acciones previas al 25 de noviembre.<p>\n\nEl 25 de noviembre se llevar\u00e1 a cabo una programaci\u00f3n cultural en el parque Lleras, que incluir\u00e1 una pasarela de moda ind\u00edgena. Con los 16 d\u00edas de activismo, se realizar\u00e1 una formaci\u00f3n para periodistas de c\u00f3mo narrar y tratar las violencias basadas en g\u00e9nero, para no revictimizar y prevenirlas; y ferias de servicios de atenci\u00f3n y prevenci\u00f3n. Adem\u00e1s, el evento central para la conmemoraci\u00f3n de los 10 a\u00f1os de la L\u00ednea 123 Agencia Mujer, se llevar\u00e1 a cabo en el Palacio de la Cultura Rafael Uribe Uribe, el 29 de noviembre, un evento acad\u00e9mico con 250 mujeres, en el cual se abordar\u00e1n tem\u00e1ticas como los avances y retos de los mecanismos de atenci\u00f3n a las mujeres v\u00edctimas de violencias basadas en g\u00e9nero.<p>\n\nEstas acciones son un homenaje para las mujeres que han perdido la vida por las violencias machistas en el Distrito. Durante 2023 han sido asesinadas 25 mujeres y 17 de los casos han sido catalogados como presuntos feminicidios, seg\u00fan la Comisi\u00f3n Primera del Consejo de Seguridad P\u00fablica para las Mujeres.<p>\n\nLa programaci\u00f3n de las actividades conmemorativas se podr\u00e1 encontrar en https:\/\/acortar.link\/6O6Qrb.\n<\/p>\t\t\t\t\t\t<\/div>\n\t\t\t\t<\/div>\n\t\t\t\t\t<\/div>\n\t\t<\/div>\n\t\t\t\t\t\t\t<\/div>\n\t\t<\/section>\n\t\t\t\t\t\t\t<\/div>\n\t\t","protected":false},"excerpt":{"rendered":"<p>&#8211;TodosLosD\u00edasDigoNo busca evidenciar y transformar las pr\u00e1cticas machistas que promueven las violencias contra las mujeres. En esta conmemoraci\u00f3n, se realizar\u00e1n actividades hasta el 10 de diciembre. Con m\u00e1s de 15 eventos del #25N, el Distrito sigue trabajando por la eliminaci\u00f3n de las violencias contra las mujeres. En el D\u00eda Internacional de la Eliminaci\u00f3n de las [&hellip;]<\/p>\n","protected":false},"author":2,"featured_media":4274,"comment_status":"open","ping_status":"open","sticky":false,"template":"","format":"standard","meta":[],"categories":[14,15,8,1],"tags":[],"_links":{"self":[{"href":"\/mujeresmedellin\/wp-json\/wp\/v2\/posts\/4182"}],"collection":[{"href":"\/mujeresmedellin\/wp-json\/wp\/v2\/posts"}],"about":[{"href":"\/mujeresmedellin\/wp-json\/wp\/v2\/types\/post"}],"author":[{"embeddable":true,"href":"\/mujeresmedellin\/wp-json\/wp\/v2\/users\/2"}],"replies":[{"embeddable":true,"href":"\/mujeresmedellin\/wp-json\/wp\/v2\/comments?post=4182"}],"version-history":[{"count":8,"href":"\/mujeresmedellin\/wp-json\/wp\/v2\/posts\/4182\/revisions"}],"predecessor-version":[{"id":4191,"href":"\/mujeresmedellin\/wp-json\/wp\/v2\/posts\/4182\/revisions\/4191"}],"wp:featuredmedia":[{"embeddable":true,"href":"\/mujeresmedellin\/wp-json\/wp\/v2\/media\/4274"}],"wp:attachment":[{"href":"\/mujeresmedellin\/wp-json\/wp\/v2\/media?parent=4182"}],"wp:term":[{"taxonomy":"category","embeddable":true,"href":"\/mujeresmedellin\/wp-json\/wp\/v2\/categories?post=4182"},{"taxonomy":"post_tag","embeddable":true,"href":"\/mujeresmedellin\/wp-json\/wp\/v2\/tags?post=4182"}],"curies":[{"name":"wp","href":"https:\/\/api.w.org\/{rel}","templated":true}]}}