{"id":4192,"date":"2023-12-26T15:51:41","date_gmt":"2023-12-26T20:51:41","guid":{"rendered":"\/mujeresmedellin\/?p=4192"},"modified":"2023-12-27T06:37:29","modified_gmt":"2023-12-27T11:37:29","slug":"la-linea-123-agencia-mujer-cumple-diez-anos-al-cuidado-de-la-vida-de-las-mujeres-de-medellin","status":"publish","type":"post","link":"\/mujeresmedellin\/la-linea-123-agencia-mujer-cumple-diez-anos-al-cuidado-de-la-vida-de-las-mujeres-de-medellin\/","title":{"rendered":"La l\u00ednea 123 Agencia Mujer cumple diez a\u00f1os al cuidado de la vida de las mujeres de Medell\u00edn"},"content":{"rendered":"\t\t<div data-elementor-type=\"wp-post\" data-elementor-id=\"4192\" class=\"elementor elementor-4192\">\n\t\t\t\t\t\t\t\t\t<section class=\"elementor-section elementor-top-section elementor-element elementor-element-4896849 elementor-section-boxed elementor-section-height-default elementor-section-height-default\" data-id=\"4896849\" data-element_type=\"section\">\n\t\t\t\t\t\t<div class=\"elementor-container elementor-column-gap-default\">\n\t\t\t\t\t<div class=\"elementor-column elementor-col-50 elementor-top-column elementor-element elementor-element-18b7f56\" data-id=\"18b7f56\" data-element_type=\"column\">\n\t\t\t<div class=\"elementor-widget-wrap elementor-element-populated\">\n\t\t\t\t\t\t\t\t<div class=\"elementor-element elementor-element-3727de8 elementor-widget elementor-widget-image\" data-id=\"3727de8\" data-element_type=\"widget\" data-widget_type=\"image.default\">\n\t\t\t\t<div class=\"elementor-widget-container\">\n\t\t\t<style>\/*! elementor - v3.12.2 - 23-04-2023 *\/\n.elementor-widget-image{text-align:center}.elementor-widget-image a{display:inline-block}.elementor-widget-image a img[src$=\".svg\"]{width:48px}.elementor-widget-image img{vertical-align:middle;display:inline-block}<\/style>\t\t\t\t\t\t\t\t\t\t\t\t<img decoding=\"async\" width=\"800\" height=\"526\" src=\"\/mujeresmedellin\/wp-content\/uploads\/2023\/12\/LINEA123M.pdf_page-0001-1024x673.jpg\" class=\"attachment-large size-large wp-image-4270\" alt=\"\" loading=\"lazy\" srcset=\"\/mujeresmedellin\/wp-content\/uploads\/2023\/12\/LINEA123M.pdf_page-0001-1024x673.jpg 1024w, \/mujeresmedellin\/wp-content\/uploads\/2023\/12\/LINEA123M.pdf_page-0001-300x197.jpg 300w, \/mujeresmedellin\/wp-content\/uploads\/2023\/12\/LINEA123M.pdf_page-0001-768x504.jpg 768w, \/mujeresmedellin\/wp-content\/uploads\/2023\/12\/LINEA123M.pdf_page-0001-1536x1009.jpg 1536w, \/mujeresmedellin\/wp-content\/uploads\/2023\/12\/LINEA123M.pdf_page-0001-2048x1345.jpg 2048w\" sizes=\"(max-width: 800px) 100vw, 800px\" \/>\t\t\t\t\t\t\t\t\t\t\t\t\t\t\t<\/div>\n\t\t\t\t<\/div>\n\t\t\t\t\t<\/div>\n\t\t<\/div>\n\t\t\t\t<div class=\"elementor-column elementor-col-50 elementor-top-column elementor-element elementor-element-8f0407c\" data-id=\"8f0407c\" data-element_type=\"column\">\n\t\t\t<div class=\"elementor-widget-wrap elementor-element-populated\">\n\t\t\t\t\t\t\t\t<div class=\"elementor-element elementor-element-56e8634 elementor-widget elementor-widget-text-editor\" data-id=\"56e8634\" data-element_type=\"widget\" data-widget_type=\"text-editor.default\">\n\t\t\t\t<div class=\"elementor-widget-container\">\n\t\t\t<style>\/*! elementor - v3.12.2 - 23-04-2023 *\/\n.elementor-widget-text-editor.elementor-drop-cap-view-stacked .elementor-drop-cap{background-color:#69727d;color:#fff}.elementor-widget-text-editor.elementor-drop-cap-view-framed .elementor-drop-cap{color:#69727d;border:3px solid;background-color:transparent}.elementor-widget-text-editor:not(.elementor-drop-cap-view-default) .elementor-drop-cap{margin-top:8px}.elementor-widget-text-editor:not(.elementor-drop-cap-view-default) .elementor-drop-cap-letter{width:1em;height:1em}.elementor-widget-text-editor .elementor-drop-cap{float:left;text-align:center;line-height:1;font-size:50px}.elementor-widget-text-editor .elementor-drop-cap-letter{display:inline-block}<\/style>\t\t\t\t<p><ul><li><b>Es reconocido como el mecanismo de atenci\u00f3n de Violencias Basadas en G\u00e9nero del pa\u00eds, que lidera la implementaci\u00f3n de buenas pr\u00e1cticas. <\/b><\/li><li><b>Durante la d\u00e9cada, la l\u00ednea ha atendido a 47.172 mujeres v\u00edctimas.<\/b><\/li><li><b>En este cuatrienio, las asesor\u00edas por este medio han aumentado en un 190 %, anualmente, comparado con los seis a\u00f1os anteriores<\/b>. <\/li><\/ul><\/p>\t\t\t\t\t\t<\/div>\n\t\t\t\t<\/div>\n\t\t\t\t\t<\/div>\n\t\t<\/div>\n\t\t\t\t\t\t\t<\/div>\n\t\t<\/section>\n\t\t\t\t<section class=\"elementor-section elementor-top-section elementor-element elementor-element-82d3961 elementor-section-boxed elementor-section-height-default elementor-section-height-default\" data-id=\"82d3961\" data-element_type=\"section\">\n\t\t\t\t\t\t<div class=\"elementor-container elementor-column-gap-default\">\n\t\t\t\t\t<div class=\"elementor-column elementor-col-100 elementor-top-column elementor-element elementor-element-7b63970\" data-id=\"7b63970\" data-element_type=\"column\">\n\t\t\t<div class=\"elementor-widget-wrap elementor-element-populated\">\n\t\t\t\t\t\t\t\t<div class=\"elementor-element elementor-element-f809efe elementor-widget elementor-widget-text-editor\" data-id=\"f809efe\" data-element_type=\"widget\" data-widget_type=\"text-editor.default\">\n\t\t\t\t<div class=\"elementor-widget-container\">\n\t\t\t\t\t\t\t<p>250 ciudadanas participaron en el evento central de conmemoraci\u00f3n del D\u00eda Internacional de la Eliminaci\u00f3n de las Violencias contra las Mujeres y las Ni\u00f1as y los 16 d\u00edas de activismo en el marco de esta fecha. Este encuentro acad\u00e9mico, liderado por la Alcald\u00eda de Medell\u00edn, se realiz\u00f3 en el Palacio de la Cultura Rafael Uribe Uribe. Se abordaron tem\u00e1ticas como los avances y retos de los mecanismos de atenci\u00f3n a las v\u00edctimas de Violencias Basadas en G\u00e9nero y las apuestas desde el enfoque interseccional para acoger a diferentes grupos poblacionales.<p>\n\nTambi\u00e9n se celebraron los diez a\u00f1os de la L\u00ednea 123 Agencia Mujer, que ha atendido a 47.172 migrantes y ha liderado la implementaci\u00f3n de buenas pr\u00e1cticas en mecanismos de atenci\u00f3n en el pa\u00eds, en cumplimiento del art\u00edculo 20 de la Ley 1257 de 2008.<p>\n\n\u201cCelebramos diez a\u00f1os de la L\u00ednea 123 Agencia Mujer, pionera en el pa\u00eds como mecanismo de atenci\u00f3n a Violencias Basadas en G\u00e9nero. Hoy, la L\u00ednea 123 Agencia Mujer sigue cuidando nuestras vidas y, adem\u00e1s, la hemos fortalecido para llegar a todas las mujeres en sus diversidades. Durante el cuatrienio, hemos acompa\u00f1ado a m\u00e1s de 20.400 mujeres, con atenci\u00f3n especializada en enfoque de g\u00e9nero y enfoques diferenciales con lenguas de se\u00f1as e ind\u00edgenas. Podemos decir que la L\u00ednea 123 Agencia Mujer cuenta 32 profesionales, el mayor n\u00famero en la historia. Esperamos que el legado pueda seguir fortaleci\u00e9ndose para garantizar vidas libres de violencias\u201d, se\u00f1al\u00f3 la secretaria de las Mujeres, Ang\u00e9lica Ortiz Maya.<p>\n\nLa historia de la L\u00ednea 123 Agencia Mujer comenz\u00f3 el 8 de marzo de 2013 con cinco profesionales que comenzaron a acompa\u00f1ar a las ciudadanas durante 12 horas. Se trat\u00f3 de la ciudad con el primer mecanismo de atenci\u00f3n de Violencias Basadas en G\u00e9nero y, en ese primer a\u00f1o, se registraron 3.227 consultas telef\u00f3nicas. Desde entonces, la atenci\u00f3n de emergencias ha evolucionado para ofrecer informaci\u00f3n y acompa\u00f1amiento necesario para la activaci\u00f3n de las rutas de salud, protecci\u00f3n, justicia y el acercamiento a otras opciones institucionales, ofrecidas por la Secretar\u00eda de la Mujeres, como los mecanismos de protecci\u00f3n temporal de Hogares de Acogida, Atenci\u00f3n Psicojur\u00eddica en Territorio, Defensa T\u00e9cnica u otras entidades.<p>\n\nLa celebraci\u00f3n cont\u00f3 un panel central acerca del recorrido de la Agencia Mujer, en el que se evidenci\u00f3 el avance de la L\u00ednea 123 Agencia Mujer con el aumento de 16 a 32 funcionarias, en esta administraci\u00f3n, para orientar los casos con enfoque de g\u00e9nero, con eliminaci\u00f3n de barreras institucionales y articulaci\u00f3n con los dem\u00e1s mecanismos. <p>\n\n\u201cMuchas de la mujeres que atendemos  tienen la necesidad de ser abordadas desde un enfoque diferencial, y Agencia Mujer, con su protocolo, el cual se ha venido estructurando y fortaleciendo, tiene eso en cuenta y desde ah\u00ed se generan estrategias; entonces cuando nos preguntan \u00bfen qu\u00e9 se fortalece Agencia Mujer? Yo creo que d\u00eda a d\u00eda con cada persona que llega, con cada nueva profesional que entra al equipo, se fortalece de muchas formas, y eso digamos es lo que hoy hace que Agencia Mujer hoy sea una agencia potente, sea una agencia estable, sea una agencia que es de un valor inmenso para la ciudad de Medell\u00edn\u201d, expres\u00f3 Julieth Avenda\u00f1o, quien hizo parte de la L\u00ednea 123 Agencia Mujer.<p>\n\nEl servicio por la L\u00ednea 123 Agencia Mujer aument\u00f3 190 % durante el cuatrienio, comparado con los seis a\u00f1os anteriores, que ten\u00edan un promedio de 2.676 atenciones. En esta administraci\u00f3n, las orientaciones sumaron 20.404, equivalentes a un promedio anual de 5.101.<p> \n\nHoy, esta l\u00ednea es l\u00edder en buenas pr\u00e1cticas, que se caracterizan, entre otras cosas, por una oferta de calidad que se fundamenta en los enfoques diferenciales, de g\u00e9nero y de derechos humanos. Estas pr\u00e1cticas se apoyan en herramientas t\u00e9cnicas para aumentar el conocimiento sobre las violencias y la cualificaci\u00f3n de los servicios a las afectadas y sus grupos familiares.\n<\/p>\t\t\t\t\t\t<\/div>\n\t\t\t\t<\/div>\n\t\t\t\t\t<\/div>\n\t\t<\/div>\n\t\t\t\t\t\t\t<\/div>\n\t\t<\/section>\n\t\t\t\t\t\t\t<\/div>\n\t\t","protected":false},"excerpt":{"rendered":"<p>Es reconocido como el mecanismo de atenci\u00f3n de Violencias Basadas en G\u00e9nero del pa\u00eds, que lidera la implementaci\u00f3n de buenas pr\u00e1cticas. Durante la d\u00e9cada, la l\u00ednea ha atendido a 47.172 mujeres v\u00edctimas. En este cuatrienio, las asesor\u00edas por este medio han aumentado en un 190 %, anualmente, comparado con los seis a\u00f1os anteriores. 250 ciudadanas [&hellip;]<\/p>\n","protected":false},"author":2,"featured_media":4269,"comment_status":"open","ping_status":"open","sticky":false,"template":"","format":"standard","meta":[],"categories":[14,15,8,1],"tags":[],"_links":{"self":[{"href":"\/mujeresmedellin\/wp-json\/wp\/v2\/posts\/4192"}],"collection":[{"href":"\/mujeresmedellin\/wp-json\/wp\/v2\/posts"}],"about":[{"href":"\/mujeresmedellin\/wp-json\/wp\/v2\/types\/post"}],"author":[{"embeddable":true,"href":"\/mujeresmedellin\/wp-json\/wp\/v2\/users\/2"}],"replies":[{"embeddable":true,"href":"\/mujeresmedellin\/wp-json\/wp\/v2\/comments?post=4192"}],"version-history":[{"count":10,"href":"\/mujeresmedellin\/wp-json\/wp\/v2\/posts\/4192\/revisions"}],"predecessor-version":[{"id":4273,"href":"\/mujeresmedellin\/wp-json\/wp\/v2\/posts\/4192\/revisions\/4273"}],"wp:featuredmedia":[{"embeddable":true,"href":"\/mujeresmedellin\/wp-json\/wp\/v2\/media\/4269"}],"wp:attachment":[{"href":"\/mujeresmedellin\/wp-json\/wp\/v2\/media?parent=4192"}],"wp:term":[{"taxonomy":"category","embeddable":true,"href":"\/mujeresmedellin\/wp-json\/wp\/v2\/categories?post=4192"},{"taxonomy":"post_tag","embeddable":true,"href":"\/mujeresmedellin\/wp-json\/wp\/v2\/tags?post=4192"}],"curies":[{"name":"wp","href":"https:\/\/api.w.org\/{rel}","templated":true}]}}