{"id":4201,"date":"2023-12-26T15:55:53","date_gmt":"2023-12-26T20:55:53","guid":{"rendered":"\/mujeresmedellin\/?p=4201"},"modified":"2023-12-27T06:29:18","modified_gmt":"2023-12-27T11:29:18","slug":"75-mujeres-de-la-comuna-16-hicieron-parte-de-la-gran-feria-de-emprendimiento-por-su-autonomia-economica","status":"publish","type":"post","link":"\/mujeresmedellin\/75-mujeres-de-la-comuna-16-hicieron-parte-de-la-gran-feria-de-emprendimiento-por-su-autonomia-economica\/","title":{"rendered":"75 mujeres de la Comuna 16, hicieron parte de la Gran Feria de emprendimiento &#8220;Por su autonom\u00eda\u00a0econ\u00f3mica&#8221;."},"content":{"rendered":"\t\t<div data-elementor-type=\"wp-post\" data-elementor-id=\"4201\" class=\"elementor elementor-4201\">\n\t\t\t\t\t\t\t\t\t<section class=\"elementor-section elementor-top-section elementor-element elementor-element-d37132e elementor-section-boxed elementor-section-height-default elementor-section-height-default\" data-id=\"d37132e\" data-element_type=\"section\">\n\t\t\t\t\t\t<div class=\"elementor-container elementor-column-gap-default\">\n\t\t\t\t\t<div class=\"elementor-column elementor-col-50 elementor-top-column elementor-element elementor-element-728e9c2\" data-id=\"728e9c2\" data-element_type=\"column\">\n\t\t\t<div class=\"elementor-widget-wrap elementor-element-populated\">\n\t\t\t\t\t\t\t\t<div class=\"elementor-element elementor-element-d63353b elementor-widget elementor-widget-image\" data-id=\"d63353b\" data-element_type=\"widget\" data-widget_type=\"image.default\">\n\t\t\t\t<div class=\"elementor-widget-container\">\n\t\t\t<style>\/*! elementor - v3.12.2 - 23-04-2023 *\/\n.elementor-widget-image{text-align:center}.elementor-widget-image a{display:inline-block}.elementor-widget-image a img[src$=\".svg\"]{width:48px}.elementor-widget-image img{vertical-align:middle;display:inline-block}<\/style>\t\t\t\t\t\t\t\t\t\t\t\t<img decoding=\"async\" width=\"800\" height=\"534\" src=\"\/mujeresmedellin\/wp-content\/uploads\/2023\/12\/emprendimiento-1024x683.jpg\" class=\"attachment-large size-large wp-image-4203\" alt=\"\" loading=\"lazy\" srcset=\"\/mujeresmedellin\/wp-content\/uploads\/2023\/12\/emprendimiento-1024x683.jpg 1024w, \/mujeresmedellin\/wp-content\/uploads\/2023\/12\/emprendimiento-300x200.jpg 300w, \/mujeresmedellin\/wp-content\/uploads\/2023\/12\/emprendimiento-768x512.jpg 768w, \/mujeresmedellin\/wp-content\/uploads\/2023\/12\/emprendimiento.jpg 1280w\" sizes=\"(max-width: 800px) 100vw, 800px\" \/>\t\t\t\t\t\t\t\t\t\t\t\t\t\t\t<\/div>\n\t\t\t\t<\/div>\n\t\t\t\t\t<\/div>\n\t\t<\/div>\n\t\t\t\t<div class=\"elementor-column elementor-col-50 elementor-top-column elementor-element elementor-element-2a6b228\" data-id=\"2a6b228\" data-element_type=\"column\">\n\t\t\t<div class=\"elementor-widget-wrap elementor-element-populated\">\n\t\t\t\t\t\t\t\t<div class=\"elementor-element elementor-element-b1c0f4b elementor-widget elementor-widget-text-editor\" data-id=\"b1c0f4b\" data-element_type=\"widget\" data-widget_type=\"text-editor.default\">\n\t\t\t\t<div class=\"elementor-widget-container\">\n\t\t\t<style>\/*! elementor - v3.12.2 - 23-04-2023 *\/\n.elementor-widget-text-editor.elementor-drop-cap-view-stacked .elementor-drop-cap{background-color:#69727d;color:#fff}.elementor-widget-text-editor.elementor-drop-cap-view-framed .elementor-drop-cap{color:#69727d;border:3px solid;background-color:transparent}.elementor-widget-text-editor:not(.elementor-drop-cap-view-default) .elementor-drop-cap{margin-top:8px}.elementor-widget-text-editor:not(.elementor-drop-cap-view-default) .elementor-drop-cap-letter{width:1em;height:1em}.elementor-widget-text-editor .elementor-drop-cap{float:left;text-align:center;line-height:1;font-size:50px}.elementor-widget-text-editor .elementor-drop-cap-letter{display:inline-block}<\/style>\t\t\t\t<p><ul><li><b>La Feria de emprendimiento que se llev\u00f3 a cabo en el Centro Comercial Los Molinos, agrup\u00f3 las experiencias destacadas dentro del proceso en la comuna 16.<\/b><\/li><li><b>Durante el cuatrienio, 1.764 mujeres participaron de los procesos formativos en Autonom\u00eda econ\u00f3mica.<\/b><\/li><li><b>851 mujeres se beneficiaron con microcr\u00e9ditos, a trav\u00e9s del Banco de las Oportunidades.\n<\/b><\/li><\/ul><\/p>\t\t\t\t\t\t<\/div>\n\t\t\t\t<\/div>\n\t\t\t\t\t<\/div>\n\t\t<\/div>\n\t\t\t\t\t\t\t<\/div>\n\t\t<\/section>\n\t\t\t\t<section class=\"elementor-section elementor-top-section elementor-element elementor-element-20cb69d elementor-section-boxed elementor-section-height-default elementor-section-height-default\" data-id=\"20cb69d\" data-element_type=\"section\">\n\t\t\t\t\t\t<div class=\"elementor-container elementor-column-gap-default\">\n\t\t\t\t\t<div class=\"elementor-column elementor-col-100 elementor-top-column elementor-element elementor-element-e086735\" data-id=\"e086735\" data-element_type=\"column\">\n\t\t\t<div class=\"elementor-widget-wrap elementor-element-populated\">\n\t\t\t\t\t\t\t\t<div class=\"elementor-element elementor-element-0436ac3 elementor-widget elementor-widget-text-editor\" data-id=\"0436ac3\" data-element_type=\"widget\" data-widget_type=\"text-editor.default\">\n\t\t\t\t<div class=\"elementor-widget-container\">\n\t\t\t\t\t\t\t<p>Para reconocer y posicionar a las mujeres como actoras clave para la transformaci\u00f3n social a partir de la consolidaci\u00f3n de procesos productivos que les permitan mejorar su calidad de vida y las de sus familias, en el Centro Comercial Los Molinos se llev\u00f3 a cabo la Gran Feria de Emprendimiento \u201cPor su Autonom\u00eda Econ\u00f3mica\u201d.<p>\n\nEn la feria participaron 75 mujeres de la Comuna 16 que hicieron parte del proceso \u201cFormaci\u00f3n, fortalecimiento de la participaci\u00f3n y la incidencia pol\u00edtica de las mujeres para desarrollar acciones de prevenci\u00f3n de violencias basadas en g\u00e9nero en el marco del programa de PLPP\u201d, y que busc\u00f3 la implementaci\u00f3n de la ruta de autonom\u00eda econ\u00f3mica de las mujeres que incluye la prevenci\u00f3n de las violencias basadas en g\u00e9nero.<p>\n\n\u201cUna mujer que tiene autonom\u00eda econ\u00f3mica, es una mujer que puede decidir y que es menos propensa a estar en c\u00edrculos de Violencias. Por eso, celebramos que en el marco de las iniciativas de Presupuesto Participativo, la comuna 16, haya motivado este proceso para implementar la ruta de autonom\u00eda econ\u00f3mica de las mujeres, que incluye la prevenci\u00f3n de las Violencias basadas en g\u00e9nero. Hoy son 75 mujeres de esta comuna, pero, hemos fortalecido la autonom\u00eda econ\u00f3mica de 1.764 mujeres a trav\u00e9s de nuestros procesos formativos y 851 mujeres se beneficiaron con microcr\u00e9ditos, a trav\u00e9s del Banco de las Oportunidades, para impulsar sus ideas de negocio o emprendimientos. As\u00ed reivindicamos que en Medell\u00edn es el tiempo de las mujeres aut\u00f3nomas, capaces e independientes\u201d, mencion\u00f3 la Secretaria de las Mujeres, Ang\u00e9lica Ortiz Maya.<p>\n\nCon emprendimientos de manualidades, moda, reposter\u00eda, pijamas, papeler\u00eda, productos naturales, gastronom\u00eda y eventos y decoraciones, las mujeres participantes le dieron a conocer a su comunidad los procesos que ellas gestan en su territorio.<p>\n\nPara el logro de la autonom\u00eda se requieren actividades como la  sensibilizaci\u00f3n a las mujeres sobre sus capacidades y c\u00f3mo pueden aprovecharlas, la promoci\u00f3n de la redistribuci\u00f3n de las tareas reproductivas y de cuidado, lo fomento del ejercicio de los derechos sexuales y reproductivos, la prevenci\u00f3n de violencia de g\u00e9nero y adoptar todas las medidas necesarias para que las mujeres participen en la toma de decisiones en igualdad de condiciones. Por esto, desde la Alcald\u00eda de Medell\u00edn se siguen promoviendo espacios formativos y de incidencia para dicho fin. <p>\n\n\u201cSoy administradora de empresa, pero a pesar de todo, uno nunca debe dejar de aprender y mirar todas las cosas buenas que tenemos en la sociedad. La Secretar\u00eda de las Mujeres y la Alcald\u00eda de Medell\u00edn se han preocupado mucho por preparar a la mujer, por lo tanto, ellas deben acatar estos medios de capacitaci\u00f3n para que as\u00ed no sean maltratadas, sean valoradas y ellas mismas se valoren. La mujer de hoy es de gran importancia como madre, como mujer, como esposa, como hermana y como colaboradora de otras mujeres\u201d; manifest\u00f3 Yolanda Cadavid, participante de la Feria de emprendimiento. <p>\n\nDurante el cuatrienio, en Medell\u00edn, 851 mujeres se beneficiaron con microcr\u00e9ditos a trav\u00e9s del Banco de las Oportunidades, y de esta manera lograron consolidar oportunidades para romper c\u00edrculos de violencias a trav\u00e9s de su autonom\u00eda econ\u00f3mica e independencia. \n\n<\/p>\t\t\t\t\t\t<\/div>\n\t\t\t\t<\/div>\n\t\t\t\t\t<\/div>\n\t\t<\/div>\n\t\t\t\t\t\t\t<\/div>\n\t\t<\/section>\n\t\t\t\t\t\t\t<\/div>\n\t\t","protected":false},"excerpt":{"rendered":"<p>La Feria de emprendimiento que se llev\u00f3 a cabo en el Centro Comercial Los Molinos, agrup\u00f3 las experiencias destacadas dentro del proceso en la comuna 16. Durante el cuatrienio, 1.764 mujeres participaron de los procesos formativos en Autonom\u00eda econ\u00f3mica. 851 mujeres se beneficiaron con microcr\u00e9ditos, a trav\u00e9s del Banco de las Oportunidades. Para reconocer y [&hellip;]<\/p>\n","protected":false},"author":2,"featured_media":4268,"comment_status":"open","ping_status":"open","sticky":false,"template":"","format":"standard","meta":[],"categories":[14,15,8,1],"tags":[],"_links":{"self":[{"href":"\/mujeresmedellin\/wp-json\/wp\/v2\/posts\/4201"}],"collection":[{"href":"\/mujeresmedellin\/wp-json\/wp\/v2\/posts"}],"about":[{"href":"\/mujeresmedellin\/wp-json\/wp\/v2\/types\/post"}],"author":[{"embeddable":true,"href":"\/mujeresmedellin\/wp-json\/wp\/v2\/users\/2"}],"replies":[{"embeddable":true,"href":"\/mujeresmedellin\/wp-json\/wp\/v2\/comments?post=4201"}],"version-history":[{"count":11,"href":"\/mujeresmedellin\/wp-json\/wp\/v2\/posts\/4201\/revisions"}],"predecessor-version":[{"id":4213,"href":"\/mujeresmedellin\/wp-json\/wp\/v2\/posts\/4201\/revisions\/4213"}],"wp:featuredmedia":[{"embeddable":true,"href":"\/mujeresmedellin\/wp-json\/wp\/v2\/media\/4268"}],"wp:attachment":[{"href":"\/mujeresmedellin\/wp-json\/wp\/v2\/media?parent=4201"}],"wp:term":[{"taxonomy":"category","embeddable":true,"href":"\/mujeresmedellin\/wp-json\/wp\/v2\/categories?post=4201"},{"taxonomy":"post_tag","embeddable":true,"href":"\/mujeresmedellin\/wp-json\/wp\/v2\/tags?post=4201"}],"curies":[{"name":"wp","href":"https:\/\/api.w.org\/{rel}","templated":true}]}}