{"id":4214,"date":"2023-12-26T16:00:00","date_gmt":"2023-12-26T21:00:00","guid":{"rendered":"\/mujeresmedellin\/?p=4214"},"modified":"2023-12-27T06:28:52","modified_gmt":"2023-12-27T11:28:52","slug":"mas-de-16-000-mujeres-migrantes-se-beneficiaron-en-medellin-con-los-programas-de-la-secretaria-de-las-mujeres","status":"publish","type":"post","link":"\/mujeresmedellin\/mas-de-16-000-mujeres-migrantes-se-beneficiaron-en-medellin-con-los-programas-de-la-secretaria-de-las-mujeres\/","title":{"rendered":"M\u00e1s de 16.000 mujeres migrantes se beneficiaron en Medell\u00edn con los programas de la Secretar\u00eda\u00a0de\u00a0las\u00a0Mujeres"},"content":{"rendered":"\t\t<div data-elementor-type=\"wp-post\" data-elementor-id=\"4214\" class=\"elementor elementor-4214\">\n\t\t\t\t\t\t\t\t\t<section class=\"elementor-section elementor-top-section elementor-element elementor-element-6243ea8 elementor-section-boxed elementor-section-height-default elementor-section-height-default\" data-id=\"6243ea8\" data-element_type=\"section\">\n\t\t\t\t\t\t<div class=\"elementor-container elementor-column-gap-default\">\n\t\t\t\t\t<div class=\"elementor-column elementor-col-50 elementor-top-column elementor-element elementor-element-36fb204\" data-id=\"36fb204\" data-element_type=\"column\">\n\t\t\t<div class=\"elementor-widget-wrap elementor-element-populated\">\n\t\t\t\t\t\t\t\t<div class=\"elementor-element elementor-element-00b2038 elementor-widget elementor-widget-image\" data-id=\"00b2038\" data-element_type=\"widget\" data-widget_type=\"image.default\">\n\t\t\t\t<div class=\"elementor-widget-container\">\n\t\t\t<style>\/*! elementor - v3.12.2 - 23-04-2023 *\/\n.elementor-widget-image{text-align:center}.elementor-widget-image a{display:inline-block}.elementor-widget-image a img[src$=\".svg\"]{width:48px}.elementor-widget-image img{vertical-align:middle;display:inline-block}<\/style>\t\t\t\t\t\t\t\t\t\t\t\t<img decoding=\"async\" width=\"800\" height=\"534\" src=\"\/mujeresmedellin\/wp-content\/uploads\/2023\/12\/migrantes-1024x683.jpg\" class=\"attachment-large size-large wp-image-4216\" alt=\"\" loading=\"lazy\" srcset=\"\/mujeresmedellin\/wp-content\/uploads\/2023\/12\/migrantes-1024x683.jpg 1024w, \/mujeresmedellin\/wp-content\/uploads\/2023\/12\/migrantes-300x200.jpg 300w, \/mujeresmedellin\/wp-content\/uploads\/2023\/12\/migrantes-768x512.jpg 768w, \/mujeresmedellin\/wp-content\/uploads\/2023\/12\/migrantes.jpg 1280w\" sizes=\"(max-width: 800px) 100vw, 800px\" \/>\t\t\t\t\t\t\t\t\t\t\t\t\t\t\t<\/div>\n\t\t\t\t<\/div>\n\t\t\t\t\t<\/div>\n\t\t<\/div>\n\t\t\t\t<div class=\"elementor-column elementor-col-50 elementor-top-column elementor-element elementor-element-13a1a66\" data-id=\"13a1a66\" data-element_type=\"column\">\n\t\t\t<div class=\"elementor-widget-wrap elementor-element-populated\">\n\t\t\t\t\t\t\t\t<div class=\"elementor-element elementor-element-4720ca6 elementor-widget elementor-widget-text-editor\" data-id=\"4720ca6\" data-element_type=\"widget\" data-widget_type=\"text-editor.default\">\n\t\t\t\t<div class=\"elementor-widget-container\">\n\t\t\t<style>\/*! elementor - v3.12.2 - 23-04-2023 *\/\n.elementor-widget-text-editor.elementor-drop-cap-view-stacked .elementor-drop-cap{background-color:#69727d;color:#fff}.elementor-widget-text-editor.elementor-drop-cap-view-framed .elementor-drop-cap{color:#69727d;border:3px solid;background-color:transparent}.elementor-widget-text-editor:not(.elementor-drop-cap-view-default) .elementor-drop-cap{margin-top:8px}.elementor-widget-text-editor:not(.elementor-drop-cap-view-default) .elementor-drop-cap-letter{width:1em;height:1em}.elementor-widget-text-editor .elementor-drop-cap{float:left;text-align:center;line-height:1;font-size:50px}.elementor-widget-text-editor .elementor-drop-cap-letter{display:inline-block}<\/style>\t\t\t\t<p><ul><li><b>El 96 % de ellas son de nacionalidad venezolana.<\/b><\/li><li><b>En el programa Equidad de G\u00e9nero en el Territorio, la cobertura fue de 10.532 mujeres.<\/b><\/li><li><b>A los mecanismos de atenci\u00f3n a mujeres v\u00edctimas de violencias basadas en g\u00e9nero accedieron 2.851 mujeres migrantes.<\/b><\/li><\/ul><\/p>\t\t\t\t\t\t<\/div>\n\t\t\t\t<\/div>\n\t\t\t\t\t<\/div>\n\t\t<\/div>\n\t\t\t\t\t\t\t<\/div>\n\t\t<\/section>\n\t\t\t\t<section class=\"elementor-section elementor-top-section elementor-element elementor-element-9e542bb elementor-section-boxed elementor-section-height-default elementor-section-height-default\" data-id=\"9e542bb\" data-element_type=\"section\">\n\t\t\t\t\t\t<div class=\"elementor-container elementor-column-gap-default\">\n\t\t\t\t\t<div class=\"elementor-column elementor-col-100 elementor-top-column elementor-element elementor-element-a0a3f9a\" data-id=\"a0a3f9a\" data-element_type=\"column\">\n\t\t\t<div class=\"elementor-widget-wrap elementor-element-populated\">\n\t\t\t\t\t\t\t\t<div class=\"elementor-element elementor-element-dff74ac elementor-widget elementor-widget-text-editor\" data-id=\"dff74ac\" data-element_type=\"widget\" data-widget_type=\"text-editor.default\">\n\t\t\t\t<div class=\"elementor-widget-container\">\n\t\t\t\t\t\t\t<p>La Alcald\u00eda de Medell\u00edn atendi\u00f3, con los diferentes programas y estrategias de la Secretar\u00eda de las Mujeres, a 16.633 mujeres migrantes quienes mejoraron su calidad de vida a trav\u00e9s de acciones de prevenci\u00f3n de violencias basadas en g\u00e9nero, gracias a la Ruta de Autonom\u00eda Econ\u00f3mica, procesos formativos, el componente de salud menstrual y reproductiva, y los mecanismos de atenci\u00f3n a mujeres v\u00edctimas de violencias basadas en g\u00e9nero.<p>\n\n\u201cLa migraci\u00f3n de personas venezolanas ha transformado a Medell\u00edn, haci\u00e9ndola una ciudad m\u00e1s diversa y con mayor riqueza cultural. Sin embargo, el proceso de integraci\u00f3n implica que, desde el Estado, garanticemos el acceso a oportunidades y derechos a todas las personas, especialmente a las m\u00e1s vulnerables. Por eso, hemos trabajado con las mujeres migrantes, enfoc\u00e1ndonos en la prevenci\u00f3n y atenci\u00f3n de violencias basadas en g\u00e9nero. Para avanzar en la prevenci\u00f3n, nuestro equipo de Equidad de G\u00e9nero en el Territorio acompa\u00f1\u00f3 a 10.532 mujeres migrantes, con la promoci\u00f3n de acciones para garantizar que puedan tener vidas libres de violencia, sin importar su estatus migratorio. Hemos atendido, desde nuestros mecanismos, a mujeres v\u00edctimas de violencias basadas en g\u00e9nero y hemos acompa\u00f1ado a 2.851 mujeres migrantes\u201d, se\u00f1al\u00f3 la secretaria de las Mujeres, Ang\u00e9lica Ortiz Maya.<p>\n\nEn este cuatrienio, se generaron articulaciones para promover campa\u00f1as como \u201cHagamos visible que\u201d, una iniciativa para reivindicar los derechos de las mujeres migrantes en todos los escenarios. Tambi\u00e9n, se hizo la feria de servicios y acompa\u00f1amos el informe \u201cBarreras de Acceso a la Atenci\u00f3n y Protecci\u00f3n de Mujeres Refugiadas y Migrantes V\u00edctimas de Violencias Basadas en G\u00e9nero\u201d, elaborado por el Consejo de Seguridad P\u00fablica para las Mujeres de Medell\u00edn. Hubo pedagog\u00eda y acompa\u00f1amiento para la garant\u00eda de la salud menstrual y reproductiva de esta poblaci\u00f3n. Adicionalmente, se acompa\u00f1\u00f3 a m\u00e1s de 150 mujeres mediante la Ruta de Autonom\u00eda Econ\u00f3mica para promover que se rompan c\u00edrculos de violencia a trav\u00e9s de la independencia econ\u00f3mica. <p>\n\n\u201cHay que hacer un reconocimiento de la mujer migrante, y este reconocimiento comienza por saber que estamos en el territorio, que pertenecemos a esta ciudad y que tenemos vocaci\u00f3n de permanencia, o bien en tr\u00e1nsito. Cualquiera de las dos modalidades conllevan a que las instituciones puedan saber de nuestra existencia, pueda haber una integraci\u00f3n local y, a la vez, reconocer nuestros derechos; y lo m\u00e1s importante, el ejercicio de estos derechos. Todo esto se hace con las instituciones, con la cooperaci\u00f3n internacional; todo este engranaje que lleva a que la mujer migrante venezolana pueda minimizar los riesgos y a que estas violencias basadas en g\u00e9nero puedan llegar a ser nulas en un contexto que sabemos no es f\u00e1cil, pero que juntos podemos lograrlo\u201d, dijo Helizahira Cohen, representante de Corpvolven, Corporaci\u00f3n Voluntariado Venezolano.<p>\n\nAparte de las mujeres migrantes y refugiadas venezolanas, otras con nacionalidades diferentes que se beneficiaron con los programas de la Secretar\u00eda de las Mujeres son argentinas, estadounidenses, francesas, brasile\u00f1as y ecuatorianas, quienes representaron un 4 % de las mujeres atendidas. De esta manera, la Administraci\u00f3n Distrital acerc\u00f3 la institucionalidad a las mujeres que llegan a Medell\u00edn para permanecer.\n<\/p>\t\t\t\t\t\t<\/div>\n\t\t\t\t<\/div>\n\t\t\t\t\t<\/div>\n\t\t<\/div>\n\t\t\t\t\t\t\t<\/div>\n\t\t<\/section>\n\t\t\t\t\t\t\t<\/div>\n\t\t","protected":false},"excerpt":{"rendered":"<p>El 96 % de ellas son de nacionalidad venezolana. En el programa Equidad de G\u00e9nero en el Territorio, la cobertura fue de 10.532 mujeres. A los mecanismos de atenci\u00f3n a mujeres v\u00edctimas de violencias basadas en g\u00e9nero accedieron 2.851 mujeres migrantes. La Alcald\u00eda de Medell\u00edn atendi\u00f3, con los diferentes programas y estrategias de la Secretar\u00eda [&hellip;]<\/p>\n","protected":false},"author":2,"featured_media":4267,"comment_status":"open","ping_status":"open","sticky":false,"template":"","format":"standard","meta":[],"categories":[14,15,8,1],"tags":[],"_links":{"self":[{"href":"\/mujeresmedellin\/wp-json\/wp\/v2\/posts\/4214"}],"collection":[{"href":"\/mujeresmedellin\/wp-json\/wp\/v2\/posts"}],"about":[{"href":"\/mujeresmedellin\/wp-json\/wp\/v2\/types\/post"}],"author":[{"embeddable":true,"href":"\/mujeresmedellin\/wp-json\/wp\/v2\/users\/2"}],"replies":[{"embeddable":true,"href":"\/mujeresmedellin\/wp-json\/wp\/v2\/comments?post=4214"}],"version-history":[{"count":8,"href":"\/mujeresmedellin\/wp-json\/wp\/v2\/posts\/4214\/revisions"}],"predecessor-version":[{"id":4223,"href":"\/mujeresmedellin\/wp-json\/wp\/v2\/posts\/4214\/revisions\/4223"}],"wp:featuredmedia":[{"embeddable":true,"href":"\/mujeresmedellin\/wp-json\/wp\/v2\/media\/4267"}],"wp:attachment":[{"href":"\/mujeresmedellin\/wp-json\/wp\/v2\/media?parent=4214"}],"wp:term":[{"taxonomy":"category","embeddable":true,"href":"\/mujeresmedellin\/wp-json\/wp\/v2\/categories?post=4214"},{"taxonomy":"post_tag","embeddable":true,"href":"\/mujeresmedellin\/wp-json\/wp\/v2\/tags?post=4214"}],"curies":[{"name":"wp","href":"https:\/\/api.w.org\/{rel}","templated":true}]}}